{"id":795,"date":"2015-07-13T18:07:42","date_gmt":"2015-07-13T18:07:42","guid":{"rendered":"https:\/\/www.marcelloswelt.ch\/?p=795"},"modified":"2015-07-13T18:40:58","modified_gmt":"2015-07-13T18:40:58","slug":"buonconvento","status":"publish","type":"post","link":"https:\/\/www.marcelloswelt.ch\/?p=795","title":{"rendered":"Buonconvento"},"content":{"rendered":"<p>Heute morgen war die Stadt menschenleer. Es hat auch seine Vorteile, dass man so fr\u00fch aufsteht.<\/p>\n<div style=\"width: 810px\" class=\"wp-caption alignnone\"><a href=\"https:\/\/www.marcelloswelt.ch\/wp-content\/uploads\/2015\/07\/wpid-wp-1436808779207.jpeg\"><img decoding=\"async\" title=\"wp-1436808779207\" class=\"alignnone size-full\"  alt=\"image\" src=\"https:\/\/www.marcelloswelt.ch\/wp-content\/uploads\/2015\/07\/wpid-wp-1436808779207.jpeg\" \/><\/a><p class=\"wp-caption-text\">Siena - Piazza del campo<\/p><\/div>\n<p>Diese Etappe z\u00e4hlt zweifellos zu einer der sch\u00f6neren Etappen. Wunderbare Aussichten und verschiedene Farben der Landschaften wechselten sich ab.<\/p>\n<div style=\"width: 810px\" class=\"wp-caption alignnone\"><a href=\"https:\/\/www.marcelloswelt.ch\/wp-content\/uploads\/2015\/07\/wpid-wp-1436808821480.jpeg\"><img decoding=\"async\" title=\"wp-1436808821480\" class=\"alignnone size-full\"  alt=\"image\" src=\"https:\/\/www.marcelloswelt.ch\/wp-content\/uploads\/2015\/07\/wpid-wp-1436808821480.jpeg\" \/><\/a><p class=\"wp-caption-text\">R\u00fcckblick auf Siena<\/p><\/div>\n<div style=\"width: 810px\" class=\"wp-caption alignnone\"><a href=\"https:\/\/www.marcelloswelt.ch\/wp-content\/uploads\/2015\/07\/wpid-wp-1436808830374.jpeg\"><img decoding=\"async\" title=\"wp-1436808830374\" class=\"alignnone size-full\"  alt=\"image\" src=\"https:\/\/www.marcelloswelt.ch\/wp-content\/uploads\/2015\/07\/wpid-wp-1436808830374.jpeg\" \/><\/a><p class=\"wp-caption-text\">Weite der Landschaft<\/p><\/div>\n<div style=\"width: 810px\" class=\"wp-caption alignnone\"><a href=\"https:\/\/www.marcelloswelt.ch\/wp-content\/uploads\/2015\/07\/wpid-wp-1436808847993.jpeg\"><img decoding=\"async\" title=\"wp-1436808847993\" class=\"alignnone size-full\"  alt=\"image\" src=\"https:\/\/www.marcelloswelt.ch\/wp-content\/uploads\/2015\/07\/wpid-wp-1436808847993.jpeg\" \/><\/a><p class=\"wp-caption-text\">mal Sahara gelb<\/p><\/div>\n<div style=\"width: 810px\" class=\"wp-caption alignnone\"><a href=\"https:\/\/www.marcelloswelt.ch\/wp-content\/uploads\/2015\/07\/wpid-wp-1436808856183.jpeg\"><img decoding=\"async\" title=\"wp-1436808856183\" class=\"alignnone size-full\"  alt=\"image\" src=\"https:\/\/www.marcelloswelt.ch\/wp-content\/uploads\/2015\/07\/wpid-wp-1436808856183.jpeg\" \/><\/a><p class=\"wp-caption-text\">mal gr\u00fcn<\/p><\/div>\n<div style=\"width: 810px\" class=\"wp-caption alignnone\"><a href=\"https:\/\/www.marcelloswelt.ch\/wp-content\/uploads\/2015\/07\/wpid-wp-1436808872824.jpeg\"><img decoding=\"async\" title=\"wp-1436808872824\" class=\"alignnone size-full\"  alt=\"image\" src=\"https:\/\/www.marcelloswelt.ch\/wp-content\/uploads\/2015\/07\/wpid-wp-1436808872824.jpeg\" \/><\/a><p class=\"wp-caption-text\">oder auch gelb-gr\u00fcn<\/p><\/div>\n<p>In Buonconvento angekommen, wurde ich angenehm \u00fcberrascht. Ein herziges, altes, kleines St\u00e4dtchen, mit einer Fu\u00dfg\u00e4ngerzone. <\/p>\n<p><a href=\"https:\/\/www.marcelloswelt.ch\/wp-content\/uploads\/2015\/07\/wpid-wp-1436808901575.jpeg\"><img decoding=\"async\" title=\"wp-1436808901575\" class=\"alignnone size-full\"  alt=\"image\" src=\"https:\/\/www.marcelloswelt.ch\/wp-content\/uploads\/2015\/07\/wpid-wp-1436808901575.jpeg\" \/><\/a><\/p>\n<p><a href=\"https:\/\/www.marcelloswelt.ch\/wp-content\/uploads\/2015\/07\/wpid-wp-1436808923650.jpeg\"><img decoding=\"async\" title=\"wp-1436808923650\" class=\"alignnone size-full\"  alt=\"image\" src=\"https:\/\/www.marcelloswelt.ch\/wp-content\/uploads\/2015\/07\/wpid-wp-1436808923650.jpeg\" \/><\/a><\/p>\n<p>Da mich der Reisef\u00fchrer eigentlich im vorherigen 3 H\u00e4user Dorf \u00fcbernachten lassen wollte, war ich froh, dass ich die zus\u00e4tzlichen 5 Kilometer weiter gelaufen bin. Das GPS meinte 35km.<\/p>\n","protected":false},"excerpt":{"rendered":"<p>Heute morgen war die Stadt menschenleer. Es hat auch seine Vorteile, dass man so fr\u00fch aufsteht. Diese Etappe z\u00e4hlt zweifellos zu einer der sch\u00f6neren Etappen. Wunderbare Aussichten und verschiedene Farben der Landschaften wechselten sich ab. In Buonconvento angekommen, wurde ich angenehm \u00fcberrascht. Ein herziges, altes, kleines St\u00e4dtchen, mit einer Fu\u00dfg\u00e4ngerzone. Da mich der Reisef\u00fchrer eigentlich [&hellip;]<\/p>\n","protected":false},"author":4,"featured_media":0,"comment_status":"open","ping_status":"open","sticky":false,"template":"","format":"standard","meta":{"ngg_post_thumbnail":0,"footnotes":""},"categories":[6],"tags":[],"class_list":["post-795","post","type-post","status-publish","format-standard","hentry","category-sabatical-2015"],"_links":{"self":[{"href":"https:\/\/www.marcelloswelt.ch\/index.php?rest_route=\/wp\/v2\/posts\/795","targetHints":{"allow":["GET"]}}],"collection":[{"href":"https:\/\/www.marcelloswelt.ch\/index.php?rest_route=\/wp\/v2\/posts"}],"about":[{"href":"https:\/\/www.marcelloswelt.ch\/index.php?rest_route=\/wp\/v2\/types\/post"}],"author":[{"embeddable":true,"href":"https:\/\/www.marcelloswelt.ch\/index.php?rest_route=\/wp\/v2\/users\/4"}],"replies":[{"embeddable":true,"href":"https:\/\/www.marcelloswelt.ch\/index.php?rest_route=%2Fwp%2Fv2%2Fcomments&post=795"}],"version-history":[{"count":5,"href":"https:\/\/www.marcelloswelt.ch\/index.php?rest_route=\/wp\/v2\/posts\/795\/revisions"}],"predecessor-version":[{"id":800,"href":"https:\/\/www.marcelloswelt.ch\/index.php?rest_route=\/wp\/v2\/posts\/795\/revisions\/800"}],"wp:attachment":[{"href":"https:\/\/www.marcelloswelt.ch\/index.php?rest_route=%2Fwp%2Fv2%2Fmedia&parent=795"}],"wp:term":[{"taxonomy":"category","embeddable":true,"href":"https:\/\/www.marcelloswelt.ch\/index.php?rest_route=%2Fwp%2Fv2%2Fcategories&post=795"},{"taxonomy":"post_tag","embeddable":true,"href":"https:\/\/www.marcelloswelt.ch\/index.php?rest_route=%2Fwp%2Fv2%2Ftags&post=795"}],"curies":[{"name":"wp","href":"https:\/\/api.w.org\/{rel}","templated":true}]}}