{"id":738,"date":"2015-07-08T20:23:07","date_gmt":"2015-07-08T20:23:07","guid":{"rendered":"https:\/\/www.marcelloswelt.ch\/?p=738"},"modified":"2015-07-08T20:23:07","modified_gmt":"2015-07-08T20:23:07","slug":"fucecchio","status":"publish","type":"post","link":"https:\/\/www.marcelloswelt.ch\/?p=738","title":{"rendered":"Fucecchio"},"content":{"rendered":"<p>Wie schon die letzten Tage, wanderte ich recht zeitig los, um der gr\u00f6\u00dften Hitze zu entgehen. Heute Morgen war es etwas bew\u00f6lkt, darum war es nicht sofort so heiss.<\/p>\n<p><a href=\"https:\/\/www.marcelloswelt.ch\/wp-content\/uploads\/2015\/07\/wpid-wp-1436378191813.jpeg\"><img decoding=\"async\" title=\"wp-1436378191813\" class=\"alignnone size-full\"  alt=\"image\" src=\"https:\/\/www.marcelloswelt.ch\/wp-content\/uploads\/2015\/07\/wpid-wp-1436378191813.jpeg\" \/><\/a><\/p>\n<p>Die Etappe selber war im ersten Teil recht flach, ging gr\u00f6\u00dften Teils durch Wohnquartiere und einer stark befahrenen Strasse entlang.<\/p>\n<p><a href=\"https:\/\/www.marcelloswelt.ch\/wp-content\/uploads\/2015\/07\/wpid-wp-1436378204395.jpeg\"><img decoding=\"async\" title=\"wp-1436378204395\" class=\"alignnone size-full\"  alt=\"image\" src=\"https:\/\/www.marcelloswelt.ch\/wp-content\/uploads\/2015\/07\/wpid-wp-1436378204395.jpeg\" \/><\/a><\/p>\n<p>Im zweiten Teil wurde ich auf eine antike R\u00f6merstra\u00dfe gef\u00fchrt. Dieses mal war diese richtig gut erhalten und gut zu laufen.<\/p>\n<div style=\"width: 810px\" class=\"wp-caption alignnone\"><a href=\"https:\/\/www.marcelloswelt.ch\/wp-content\/uploads\/2015\/07\/wpid-wp-1436378216451.jpeg\"><img decoding=\"async\" title=\"wp-1436378216451\" class=\"alignnone size-full\"  alt=\"image\" src=\"https:\/\/www.marcelloswelt.ch\/wp-content\/uploads\/2015\/07\/wpid-wp-1436378216451.jpeg\" \/><\/a><p class=\"wp-caption-text\">Erhaltene R\u00f6merstra\u00dfe <\/p><\/div>\n<div style=\"width: 810px\" class=\"wp-caption alignnone\"><a href=\"https:\/\/www.marcelloswelt.ch\/wp-content\/uploads\/2015\/07\/wpid-wp-1436378228757.jpeg\"><img decoding=\"async\" title=\"wp-1436378228757\" class=\"alignnone size-full\"  alt=\"image\" src=\"https:\/\/www.marcelloswelt.ch\/wp-content\/uploads\/2015\/07\/wpid-wp-1436378228757.jpeg\" \/><\/a><p class=\"wp-caption-text\">Erhaltene R\u00f6merstra\u00dfe<\/p><\/div>\n<p>Danach ging es auf ein paar Waldwegen den Berg hoch.<\/p>\n<div style=\"width: 810px\" class=\"wp-caption alignnone\"><a href=\"https:\/\/www.marcelloswelt.ch\/wp-content\/uploads\/2015\/07\/wpid-wp-1436378246205.jpeg\"><img decoding=\"async\" title=\"wp-1436378246205\" class=\"alignnone size-full\"  alt=\"image\" src=\"https:\/\/www.marcelloswelt.ch\/wp-content\/uploads\/2015\/07\/wpid-wp-1436378246205.jpeg\" \/><\/a><p class=\"wp-caption-text\">Waldwege<\/p><\/div>\n<div style=\"width: 810px\" class=\"wp-caption alignnone\"><a href=\"https:\/\/www.marcelloswelt.ch\/wp-content\/uploads\/2015\/07\/wpid-wp-1436378278343.jpeg\"><img decoding=\"async\" title=\"wp-1436378278343\" class=\"alignnone size-full\"  alt=\"image\" src=\"https:\/\/www.marcelloswelt.ch\/wp-content\/uploads\/2015\/07\/wpid-wp-1436378278343.jpeg\" \/><\/a><p class=\"wp-caption-text\">Pilger Wegweiser mal anders<\/p><\/div>\n<p>Die Etappe war im Reisef\u00fchrer nur 18km, wurde aber von mir auf 35km verl\u00e4ngert. Allerdings wurde es dann am Nachmittag doch noch recht heiss, aber so wie es aussieht, vertrage ich dies nicht schlecht.<\/p>\n","protected":false},"excerpt":{"rendered":"<p>Wie schon die letzten Tage, wanderte ich recht zeitig los, um der gr\u00f6\u00dften Hitze zu entgehen. Heute Morgen war es etwas bew\u00f6lkt, darum war es nicht sofort so heiss. Die Etappe selber war im ersten Teil recht flach, ging gr\u00f6\u00dften Teils durch Wohnquartiere und einer stark befahrenen Strasse entlang. Im zweiten Teil wurde ich auf [&hellip;]<\/p>\n","protected":false},"author":4,"featured_media":0,"comment_status":"open","ping_status":"open","sticky":false,"template":"","format":"standard","meta":{"ngg_post_thumbnail":0,"footnotes":""},"categories":[6],"tags":[],"class_list":["post-738","post","type-post","status-publish","format-standard","hentry","category-sabatical-2015"],"_links":{"self":[{"href":"https:\/\/www.marcelloswelt.ch\/index.php?rest_route=\/wp\/v2\/posts\/738","targetHints":{"allow":["GET"]}}],"collection":[{"href":"https:\/\/www.marcelloswelt.ch\/index.php?rest_route=\/wp\/v2\/posts"}],"about":[{"href":"https:\/\/www.marcelloswelt.ch\/index.php?rest_route=\/wp\/v2\/types\/post"}],"author":[{"embeddable":true,"href":"https:\/\/www.marcelloswelt.ch\/index.php?rest_route=\/wp\/v2\/users\/4"}],"replies":[{"embeddable":true,"href":"https:\/\/www.marcelloswelt.ch\/index.php?rest_route=%2Fwp%2Fv2%2Fcomments&post=738"}],"version-history":[{"count":1,"href":"https:\/\/www.marcelloswelt.ch\/index.php?rest_route=\/wp\/v2\/posts\/738\/revisions"}],"predecessor-version":[{"id":739,"href":"https:\/\/www.marcelloswelt.ch\/index.php?rest_route=\/wp\/v2\/posts\/738\/revisions\/739"}],"wp:attachment":[{"href":"https:\/\/www.marcelloswelt.ch\/index.php?rest_route=%2Fwp%2Fv2%2Fmedia&parent=738"}],"wp:term":[{"taxonomy":"category","embeddable":true,"href":"https:\/\/www.marcelloswelt.ch\/index.php?rest_route=%2Fwp%2Fv2%2Fcategories&post=738"},{"taxonomy":"post_tag","embeddable":true,"href":"https:\/\/www.marcelloswelt.ch\/index.php?rest_route=%2Fwp%2Fv2%2Ftags&post=738"}],"curies":[{"name":"wp","href":"https:\/\/api.w.org\/{rel}","templated":true}]}}