{"id":613,"date":"2015-06-21T19:32:17","date_gmt":"2015-06-21T19:32:17","guid":{"rendered":"https:\/\/www.marcelloswelt.ch\/?p=613"},"modified":"2015-06-21T19:45:32","modified_gmt":"2015-06-21T19:45:32","slug":"fiorenzuola-darda","status":"publish","type":"post","link":"https:\/\/www.marcelloswelt.ch\/?p=613","title":{"rendered":"Fiorenzuola d&#8217;Arda"},"content":{"rendered":"<p>Ich bin heute Morgen schon zeitig in Piacenza los gelaufen. Am 07:00 Uhr war ich bereits schon unterwegs.<\/p>\n<p><a href=\"https:\/\/www.marcelloswelt.ch\/wp-content\/uploads\/2015\/06\/wpid-wp-1434912204990.jpeg\"><img decoding=\"async\" title=\"wp-1434912204990\" class=\"alignnone size-full\"  alt=\"image\" src=\"https:\/\/www.marcelloswelt.ch\/wp-content\/uploads\/2015\/06\/wpid-wp-1434912204990.jpeg\" \/><\/a><\/p>\n<p>Unterwegs wurde ich dann von 2 Pilgern eingeholt. Francesca, eine 65 J\u00e4hrige aus Genf und Jean Paul, 70 J\u00e4hrig aus Frankreich.<\/p>\n<p><a href=\"https:\/\/www.marcelloswelt.ch\/wp-content\/uploads\/2015\/06\/wpid-wp-1434912266763.jpeg\"><img decoding=\"async\" title=\"wp-1434912266763\" class=\"alignnone size-full\"  alt=\"image\" src=\"https:\/\/www.marcelloswelt.ch\/wp-content\/uploads\/2015\/06\/wpid-wp-1434912266763.jpeg\" \/><\/a><\/p>\n<p>Beide mit Jakobsmuschel und Pilgerstock ausger\u00fcstet.<\/p>\n<p><a href=\"https:\/\/www.marcelloswelt.ch\/wp-content\/uploads\/2015\/06\/wpid-wp-1434912276642.jpeg\"><img decoding=\"async\" title=\"wp-1434912276642\" class=\"alignnone size-full\"  alt=\"image\" src=\"https:\/\/www.marcelloswelt.ch\/wp-content\/uploads\/2015\/06\/wpid-wp-1434912276642.jpeg\" \/><\/a><\/p>\n<p>Francesca sagte mir dann, dass sie kein Paar seien und sie Jean Paul in Aosta, an ihrem Startpunkt kennengelernt hat. Seither laufen sie zusammen, und weil Jean Paul fast kein Italienisch spricht, unterst\u00fctzt sie ihn dabei. Generell merkte ich ziemlich schnell, das Francesca eine richtige Quasseltante ist.<\/p>\n<p><a href=\"https:\/\/www.marcelloswelt.ch\/wp-content\/uploads\/2015\/06\/wpid-wp-1434912286333.jpeg\"><img decoding=\"async\" title=\"wp-1434912286333\" class=\"alignnone size-full\"  alt=\"image\" src=\"https:\/\/www.marcelloswelt.ch\/wp-content\/uploads\/2015\/06\/wpid-wp-1434912286333.jpeg\" \/><\/a><\/p>\n<p>Unterwegs trafen wir dann noch auf Niederl\u00e4ndisches Paar, das von Holland bis hier her gepilgert ist. Francesca schloss nat\u00fcrlich gleich Freundschaft und erz\u00e4hlte ihnen alles \u00fcber Jean Paul und mich.<\/p>\n<p><a href=\"https:\/\/www.marcelloswelt.ch\/wp-content\/uploads\/2015\/06\/wpid-wp-1434912315405.jpeg\"><img decoding=\"async\" title=\"wp-1434912315405\" class=\"alignnone size-full\"  alt=\"image\" src=\"https:\/\/www.marcelloswelt.ch\/wp-content\/uploads\/2015\/06\/wpid-wp-1434912315405.jpeg\" \/><\/a><\/p>\n<p>Angekommen in Fiorenzuola d&#8217;Arda, musste sofort ein Restaurant her. Jean Paul war gar nicht mehr gut zu sprechen. Im Restaurant wurde mir die Angelegenheit ein wenig zu viel. Francesca quasselte ununterbrochen. Nach dem sie ein Glas Wein getrunken hatte, um so mehr. Die Diskussion mit dem Wirt war wirklich der Quasselschwall in Franz\u00f6sisch und Italienisch. Keiner Verstand den anderen.<\/p>\n<p><a href=\"https:\/\/www.marcelloswelt.ch\/wp-content\/uploads\/2015\/06\/wpid-wp-1434912360163.jpeg\"><img decoding=\"async\" title=\"wp-1434912360163\" class=\"alignnone size-full\"  alt=\"image\" src=\"https:\/\/www.marcelloswelt.ch\/wp-content\/uploads\/2015\/06\/wpid-wp-1434912360163.jpeg\" \/><\/a><\/p>\n<p>Zum Gl\u00fcck hatte ich mir bereits ein Zimmer auf einem Agritourismo organisiert. So konnte ich mich von denen 2 verabschieden.<\/p>\n<p><a href=\"https:\/\/www.marcelloswelt.ch\/wp-content\/uploads\/2015\/06\/wpid-wp-1434912380410.jpeg\"><img decoding=\"async\" title=\"wp-1434912380410\" class=\"alignnone size-full\"  alt=\"image\" src=\"https:\/\/www.marcelloswelt.ch\/wp-content\/uploads\/2015\/06\/wpid-wp-1434912380410.jpeg\" \/><\/a><\/p>\n<p><a href=\"https:\/\/www.marcelloswelt.ch\/wp-content\/uploads\/2015\/06\/wpid-wp-1434914687132.jpeg\"><img decoding=\"async\" title=\"wp-1434914687132\" class=\"alignnone size-full\"  alt=\"image\" src=\"https:\/\/www.marcelloswelt.ch\/wp-content\/uploads\/2015\/06\/wpid-wp-1434914687132.jpeg\" \/><\/a><\/p>\n<p>Jetzt muss ich mich nur achten, dass ich denen beiden morgen nicht mehr sofort \u00fcber den Weg Laufe. Ich denke, ich Laufe morgen etwas sp\u00e4ter los.<\/p>\n","protected":false},"excerpt":{"rendered":"<p>Ich bin heute Morgen schon zeitig in Piacenza los gelaufen. Am 07:00 Uhr war ich bereits schon unterwegs. Unterwegs wurde ich dann von 2 Pilgern eingeholt. Francesca, eine 65 J\u00e4hrige aus Genf und Jean Paul, 70 J\u00e4hrig aus Frankreich. Beide mit Jakobsmuschel und Pilgerstock ausger\u00fcstet. Francesca sagte mir dann, dass sie kein Paar seien und [&hellip;]<\/p>\n","protected":false},"author":4,"featured_media":0,"comment_status":"open","ping_status":"open","sticky":false,"template":"","format":"standard","meta":{"ngg_post_thumbnail":0,"footnotes":""},"categories":[6],"tags":[],"class_list":["post-613","post","type-post","status-publish","format-standard","hentry","category-sabatical-2015"],"_links":{"self":[{"href":"https:\/\/www.marcelloswelt.ch\/index.php?rest_route=\/wp\/v2\/posts\/613","targetHints":{"allow":["GET"]}}],"collection":[{"href":"https:\/\/www.marcelloswelt.ch\/index.php?rest_route=\/wp\/v2\/posts"}],"about":[{"href":"https:\/\/www.marcelloswelt.ch\/index.php?rest_route=\/wp\/v2\/types\/post"}],"author":[{"embeddable":true,"href":"https:\/\/www.marcelloswelt.ch\/index.php?rest_route=\/wp\/v2\/users\/4"}],"replies":[{"embeddable":true,"href":"https:\/\/www.marcelloswelt.ch\/index.php?rest_route=%2Fwp%2Fv2%2Fcomments&post=613"}],"version-history":[{"count":2,"href":"https:\/\/www.marcelloswelt.ch\/index.php?rest_route=\/wp\/v2\/posts\/613\/revisions"}],"predecessor-version":[{"id":615,"href":"https:\/\/www.marcelloswelt.ch\/index.php?rest_route=\/wp\/v2\/posts\/613\/revisions\/615"}],"wp:attachment":[{"href":"https:\/\/www.marcelloswelt.ch\/index.php?rest_route=%2Fwp%2Fv2%2Fmedia&parent=613"}],"wp:term":[{"taxonomy":"category","embeddable":true,"href":"https:\/\/www.marcelloswelt.ch\/index.php?rest_route=%2Fwp%2Fv2%2Fcategories&post=613"},{"taxonomy":"post_tag","embeddable":true,"href":"https:\/\/www.marcelloswelt.ch\/index.php?rest_route=%2Fwp%2Fv2%2Ftags&post=613"}],"curies":[{"name":"wp","href":"https:\/\/api.w.org\/{rel}","templated":true}]}}