{"id":552,"date":"2015-06-14T16:59:00","date_gmt":"2015-06-14T16:59:00","guid":{"rendered":"https:\/\/www.marcelloswelt.ch\/?p=552"},"modified":"2015-06-14T16:51:01","modified_gmt":"2015-06-14T16:51:01","slug":"santhia-vercelli","status":"publish","type":"post","link":"https:\/\/www.marcelloswelt.ch\/?p=552","title":{"rendered":"Santhi\u00e0 &#8211; Vercelli"},"content":{"rendered":"<p>Es hatte in der Nacht wieder geregnet. Heute Morgen war es darum noch bew\u00f6lkt. Man konnte sich nicht sicher sein, ob es nochmals regnet oder nicht.<\/p>\n<p><a href=\"https:\/\/www.marcelloswelt.ch\/wp-content\/uploads\/2015\/06\/wpid-wp-1433952590910.jpeg\"><img decoding=\"async\" title=\"wp-1433952590910\" class=\"alignnone size-full\"  alt=\"image\" src=\"https:\/\/www.marcelloswelt.ch\/wp-content\/uploads\/2015\/06\/wpid-wp-1433952590910.jpeg\" \/><\/a><\/p>\n<p>Die Temperaturen waren aber sehr angenehm zum Wandern. Zudem schienen die M\u00fccken noch zu schlafen.<\/p>\n<p><a href=\"https:\/\/www.marcelloswelt.ch\/wp-content\/uploads\/2015\/06\/wpid-wp-1433952619219.jpeg\"><img decoding=\"async\" title=\"wp-1433952619219\" class=\"alignnone size-full\"  alt=\"image\" src=\"https:\/\/www.marcelloswelt.ch\/wp-content\/uploads\/2015\/06\/wpid-wp-1433952619219.jpeg\" \/><\/a><\/p>\n<p>Ich hatte das erste Mal Kopfh\u00f6rer in den Ohren und h\u00f6rte Musik beim laufen. Diese satt gr\u00fcnen Reisfelder sind schon was spezielles, und diese Stimmung erst heute morgen.<\/p>\n<p><a href=\"https:\/\/www.marcelloswelt.ch\/wp-content\/uploads\/2015\/06\/wpid-wp-1433952637464.jpeg\"><img decoding=\"async\" title=\"wp-1433952637464\" class=\"alignnone size-full\"  alt=\"image\" src=\"https:\/\/www.marcelloswelt.ch\/wp-content\/uploads\/2015\/06\/wpid-wp-1433952637464.jpeg\" \/><\/a><\/p>\n<p>Bei einem der Reisfelder, erhob sich aus diesem satt gr\u00fcnen Meer, ein weisser, grosser Vogel und flog \u00fcber die Felder. Sah super aus\u00a0\u00a0.<\/p>\n<p><a href=\"https:\/\/www.marcelloswelt.ch\/wp-content\/uploads\/2015\/06\/wpid-wp-1433952651285.jpeg\"><img decoding=\"async\" title=\"wp-1433952651285\" class=\"alignnone size-full\"  alt=\"image\" src=\"https:\/\/www.marcelloswelt.ch\/wp-content\/uploads\/2015\/06\/wpid-wp-1433952651285.jpeg\" \/><\/a><\/p>\n<p>Es wurde im Verlauf des Tages noch sonniger und w\u00e4rmer. Ich traf nach einer Weile auf Ton, einen der Pilger die ich gestern angetroffen hatte. Ton hatte wie aus dem nichts Knieprobleme bekommen. Deshalb machte ich langsamer und leistete ihm Gesellschaft bis nach Vercelli. <\/p>\n<p>Am Abend kam dann wieder die Sonne zum Vorschein und es wurde richtig warm.<\/p>\n<p><a href=\"https:\/\/www.marcelloswelt.ch\/wp-content\/uploads\/2015\/06\/wpid-wp-1433967573386.jpeg\"><img decoding=\"async\" title=\"wp-1433967573386\" class=\"alignnone size-full\"  alt=\"image\" src=\"https:\/\/www.marcelloswelt.ch\/wp-content\/uploads\/2015\/06\/wpid-wp-1433967573386.jpeg\" \/><\/a><\/p>\n<p><a href=\"https:\/\/www.marcelloswelt.ch\/wp-content\/uploads\/2015\/06\/wpid-wp-1433967593764.jpeg\"><img decoding=\"async\" title=\"wp-1433967593764\" class=\"alignnone size-full\"  alt=\"image\" src=\"https:\/\/www.marcelloswelt.ch\/wp-content\/uploads\/2015\/06\/wpid-wp-1433967593764.jpeg\" \/><\/a><\/p>\n<p><a href=\"https:\/\/www.marcelloswelt.ch\/wp-content\/uploads\/2015\/06\/wpid-wp-1434279390919.jpeg\"><img decoding=\"async\" title=\"wp-1434279390919\" class=\"alignnone size-full\"  alt=\"image\" src=\"https:\/\/www.marcelloswelt.ch\/wp-content\/uploads\/2015\/06\/wpid-wp-1434279390919.jpeg\" \/><\/a><\/p>\n<p>Meine F\u00fc\u00dfe gehen besser, aber ich habe das Gef\u00fchl, dass ich nochmals eine Pause brauche. Eventuell gehe ich morgen einen Arbeitskollegen in Italien besuchen, oder schaue mir die Stadt an.<\/p>\n","protected":false},"excerpt":{"rendered":"<p>Es hatte in der Nacht wieder geregnet. Heute Morgen war es darum noch bew\u00f6lkt. Man konnte sich nicht sicher sein, ob es nochmals regnet oder nicht. Die Temperaturen waren aber sehr angenehm zum Wandern. Zudem schienen die M\u00fccken noch zu schlafen. Ich hatte das erste Mal Kopfh\u00f6rer in den Ohren und h\u00f6rte Musik beim laufen. [&hellip;]<\/p>\n","protected":false},"author":4,"featured_media":0,"comment_status":"open","ping_status":"open","sticky":false,"template":"","format":"standard","meta":{"ngg_post_thumbnail":0,"footnotes":""},"categories":[6],"tags":[],"class_list":["post-552","post","type-post","status-publish","format-standard","hentry","category-sabatical-2015"],"_links":{"self":[{"href":"https:\/\/www.marcelloswelt.ch\/index.php?rest_route=\/wp\/v2\/posts\/552","targetHints":{"allow":["GET"]}}],"collection":[{"href":"https:\/\/www.marcelloswelt.ch\/index.php?rest_route=\/wp\/v2\/posts"}],"about":[{"href":"https:\/\/www.marcelloswelt.ch\/index.php?rest_route=\/wp\/v2\/types\/post"}],"author":[{"embeddable":true,"href":"https:\/\/www.marcelloswelt.ch\/index.php?rest_route=\/wp\/v2\/users\/4"}],"replies":[{"embeddable":true,"href":"https:\/\/www.marcelloswelt.ch\/index.php?rest_route=%2Fwp%2Fv2%2Fcomments&post=552"}],"version-history":[{"count":1,"href":"https:\/\/www.marcelloswelt.ch\/index.php?rest_route=\/wp\/v2\/posts\/552\/revisions"}],"predecessor-version":[{"id":553,"href":"https:\/\/www.marcelloswelt.ch\/index.php?rest_route=\/wp\/v2\/posts\/552\/revisions\/553"}],"wp:attachment":[{"href":"https:\/\/www.marcelloswelt.ch\/index.php?rest_route=%2Fwp%2Fv2%2Fmedia&parent=552"}],"wp:term":[{"taxonomy":"category","embeddable":true,"href":"https:\/\/www.marcelloswelt.ch\/index.php?rest_route=%2Fwp%2Fv2%2Fcategories&post=552"},{"taxonomy":"post_tag","embeddable":true,"href":"https:\/\/www.marcelloswelt.ch\/index.php?rest_route=%2Fwp%2Fv2%2Ftags&post=552"}],"curies":[{"name":"wp","href":"https:\/\/api.w.org\/{rel}","templated":true}]}}