{"id":5090,"date":"2019-12-15T17:49:31","date_gmt":"2019-12-15T16:49:31","guid":{"rendered":"https:\/\/www.marcelloswelt.ch\/?p=5090"},"modified":"2019-12-18T09:02:35","modified_gmt":"2019-12-18T08:02:35","slug":"mike-mueller-live","status":"publish","type":"post","link":"https:\/\/www.marcelloswelt.ch\/?p=5090","title":{"rendered":"Mike M\u00fcller live"},"content":{"rendered":"<p>Gestern war wieder einmal Theater angesagt, einer meiner Schweizer Lieblings Komiker, Schauspieler, Satiriker und Philosophen zugleich f\u00fchrte sein neues Programm mit dem Titel Gemeindeversammlung auf. Mike M\u00fcller mimte in seinem St\u00fcck mehrere Individuen einer typischen schweizerischen Gemeindeversammlung und brachte die Kleinb\u00fcrgerlichkeit so gut auf den Punkt wie es kein anderer h\u00e4tte tun k\u00f6nnen. In seiner Hauptrolle als Gemeindepr\u00e4sident ging er am Anfang durch die Publikumsreihen und versuchte den ein oder anderen f\u00fcr ein politisches Amt in der Gemeinde zu motivieren. Hans solle sich doch endlich als Gemeindeschreiber aufstellen lassen, da der K\u00f6bi schon lange in den Ruhestand treten m\u00f6chte.<img loading=\"lazy\" decoding=\"async\" class=\"alignleft size-full wp-image-5088\" src=\"https:\/\/www.marcelloswelt.ch\/wp-content\/uploads\/2019\/12\/IMG_20191214_200327.jpg\" alt=\"\" width=\"800\" height=\"600\" srcset=\"https:\/\/www.marcelloswelt.ch\/wp-content\/uploads\/2019\/12\/IMG_20191214_200327.jpg 800w, https:\/\/www.marcelloswelt.ch\/wp-content\/uploads\/2019\/12\/IMG_20191214_200327-300x225.jpg 300w, https:\/\/www.marcelloswelt.ch\/wp-content\/uploads\/2019\/12\/IMG_20191214_200327-768x576.jpg 768w, https:\/\/www.marcelloswelt.ch\/wp-content\/uploads\/2019\/12\/IMG_20191214_200327-624x468.jpg 624w\" sizes=\"auto, (max-width: 800px) 100vw, 800px\" \/><\/p>\n<p>Dann wurden alle Traktanden der Versammlung nochmals pr\u00e4sentiert. Unteranderem soll die Finanzierung der Kindergeburtstage zuk\u00fcnftig durch die Gemeinde geregelt werden, das neue Ski- Ferienlager f\u00fcr die Primarsch\u00fcler ausgew\u00e4hlt, eine Einb\u00fcrgerung des kroatischen Mitb\u00fcrger Stoian Sterobinovic, der allerdings in Bern aufgewachsen ist, astreinen Berner Mundart spricht und darum so gar nicht in das g\u00e4ngige Klischee eines aus Osteuropa stammenden Migranten passt, und danach noch die zwei gr\u00f6ssten Brocken, die Umzonung eines Landwirtschaftsgebiets in eine Bauzone zur Ansiedelung eines reichen Steuerzahlers und die Fusion mit der Nachbarsgemeinde wo der gr\u00f6sste Wiederstand von der Versammlung erwartet wird.<img loading=\"lazy\" decoding=\"async\" class=\"alignleft size-full wp-image-5089\" src=\"https:\/\/www.marcelloswelt.ch\/wp-content\/uploads\/2019\/12\/IMG_20191214_200520.jpg\" alt=\"\" width=\"800\" height=\"600\" srcset=\"https:\/\/www.marcelloswelt.ch\/wp-content\/uploads\/2019\/12\/IMG_20191214_200520.jpg 800w, https:\/\/www.marcelloswelt.ch\/wp-content\/uploads\/2019\/12\/IMG_20191214_200520-300x225.jpg 300w, https:\/\/www.marcelloswelt.ch\/wp-content\/uploads\/2019\/12\/IMG_20191214_200520-768x576.jpg 768w, https:\/\/www.marcelloswelt.ch\/wp-content\/uploads\/2019\/12\/IMG_20191214_200520-624x468.jpg 624w\" sizes=\"auto, (max-width: 800px) 100vw, 800px\" \/><\/p>\n<p>Gem\u00e4ss dem Protokoll wurde das Traktandum der Kindergeburtstage als erstes behandelt. Die Motion\u00e4rin f\u00fchrte an, dass das zunehmende Gef\u00e4lle der Finanzkraft der Eltern, immer wieder zu Neid und Scham bei den Kindern f\u00fchrt. In der Nachbarsgemeinde zum Beispiel wurden letzthin die Kinder von einem Armeehelikopter abgeholt, um diese zum Grillplatz auf den Berg zu fliegen. Aus dieser Ungleichbehandlung entsteht l\u00e4ngerfristig eine Frustration was zu Auff\u00e4lligkeiten und im schlimmsten Fall zu einer Kinderdepression verbunden mit schwerer Aggression f\u00fchren kann. Dieses m\u00f6gliche Gewaltpotential gilt es zu verhindern, darum sollen in Zukunft die Finanzierung der Kindergeburtstage einheitlich geregelt werden.<\/p>\n<p>Wie Ihr aus der kurzen Zusammenfassung entnehmen k\u00f6nnt, war das eine ganz heiterer Abend, das St\u00fcck kann ich sehr empfehlen. Ich wundere mich immer wieder wie jemand 90 Minuten lang, ohne Pause, Unterhaltung in einer Pace abliefern kann wie es Mike M\u00fcller an diesem Abend gemacht hat. Chapeau!<\/p>\n","protected":false},"excerpt":{"rendered":"<p>Gestern war wieder einmal Theater angesagt, einer meiner Schweizer Lieblings Komiker, Schauspieler, Satiriker und Philosophen zugleich f\u00fchrte sein neues Programm mit dem Titel Gemeindeversammlung auf. Mike M\u00fcller mimte in seinem St\u00fcck mehrere Individuen einer typischen schweizerischen Gemeindeversammlung und brachte die Kleinb\u00fcrgerlichkeit so gut auf den Punkt wie es kein anderer h\u00e4tte tun k\u00f6nnen. In seiner [&hellip;]<\/p>\n","protected":false},"author":4,"featured_media":0,"comment_status":"open","ping_status":"open","sticky":false,"template":"","format":"standard","meta":{"ngg_post_thumbnail":0,"footnotes":""},"categories":[2],"tags":[],"class_list":["post-5090","post","type-post","status-publish","format-standard","hentry","category-allgemein"],"_links":{"self":[{"href":"https:\/\/www.marcelloswelt.ch\/index.php?rest_route=\/wp\/v2\/posts\/5090","targetHints":{"allow":["GET"]}}],"collection":[{"href":"https:\/\/www.marcelloswelt.ch\/index.php?rest_route=\/wp\/v2\/posts"}],"about":[{"href":"https:\/\/www.marcelloswelt.ch\/index.php?rest_route=\/wp\/v2\/types\/post"}],"author":[{"embeddable":true,"href":"https:\/\/www.marcelloswelt.ch\/index.php?rest_route=\/wp\/v2\/users\/4"}],"replies":[{"embeddable":true,"href":"https:\/\/www.marcelloswelt.ch\/index.php?rest_route=%2Fwp%2Fv2%2Fcomments&post=5090"}],"version-history":[{"count":3,"href":"https:\/\/www.marcelloswelt.ch\/index.php?rest_route=\/wp\/v2\/posts\/5090\/revisions"}],"predecessor-version":[{"id":5093,"href":"https:\/\/www.marcelloswelt.ch\/index.php?rest_route=\/wp\/v2\/posts\/5090\/revisions\/5093"}],"wp:attachment":[{"href":"https:\/\/www.marcelloswelt.ch\/index.php?rest_route=%2Fwp%2Fv2%2Fmedia&parent=5090"}],"wp:term":[{"taxonomy":"category","embeddable":true,"href":"https:\/\/www.marcelloswelt.ch\/index.php?rest_route=%2Fwp%2Fv2%2Fcategories&post=5090"},{"taxonomy":"post_tag","embeddable":true,"href":"https:\/\/www.marcelloswelt.ch\/index.php?rest_route=%2Fwp%2Fv2%2Ftags&post=5090"}],"curies":[{"name":"wp","href":"https:\/\/api.w.org\/{rel}","templated":true}]}}