{"id":497,"date":"2015-06-08T19:07:37","date_gmt":"2015-06-08T19:07:37","guid":{"rendered":"https:\/\/www.marcelloswelt.ch\/?p=497"},"modified":"2015-06-08T19:09:32","modified_gmt":"2015-06-08T19:09:32","slug":"chambave-verres","status":"publish","type":"post","link":"https:\/\/www.marcelloswelt.ch\/?p=497","title":{"rendered":"Chambave &#8211; Verr\u00e8s"},"content":{"rendered":"<p>Irgendwie konnte ich die letzte Nacht nicht richtig Einschlafen. Es war wohl zu heiss. Heute morgen f\u00fchlte ich mich aber dennoch gut und wanderte, bereits um 08:00 Uhr, weiter.<\/p>\n<div style=\"width: 810px\" class=\"wp-caption alignnone\"><a href=\"https:\/\/www.marcelloswelt.ch\/wp-content\/uploads\/2015\/06\/wpid-wp-1433614420513.jpeg\"><img decoding=\"async\" title=\"wp-1433614420513\" class=\"alignnone size-full\"  alt=\"image\" src=\"https:\/\/www.marcelloswelt.ch\/wp-content\/uploads\/2015\/06\/wpid-wp-1433614420513.jpeg\" \/><\/a><p class=\"wp-caption-text\">Chambave am Morgen<\/p><\/div>\n<p>Das st\u00e4ndige Auf- und Ab ging\u00a0 weiter. Zwar hat man von den oberen Wegen eine super Aussicht, aber die Anstiege sind schon ziemlich heftig. Zudem war es noch hei\u00dfer als gestern.<\/p>\n<p><a href=\"https:\/\/www.marcelloswelt.ch\/wp-content\/uploads\/2015\/06\/wpid-wp-1433614443082.jpeg\"><img decoding=\"async\" title=\"wp-1433614443082\" class=\"alignnone size-full\"  alt=\"image\" src=\"https:\/\/www.marcelloswelt.ch\/wp-content\/uploads\/2015\/06\/wpid-wp-1433614443082.jpeg\" \/><\/a><\/p>\n<p><a href=\"https:\/\/www.marcelloswelt.ch\/wp-content\/uploads\/2015\/06\/wpid-wp-1433614469439.jpeg\"><img decoding=\"async\" title=\"wp-1433614469439\" class=\"alignnone size-full\"  alt=\"image\" src=\"https:\/\/www.marcelloswelt.ch\/wp-content\/uploads\/2015\/06\/wpid-wp-1433614469439.jpeg\" \/><\/a><\/p>\n<p>Irgendwie war heute der Wurm drin. Zum einen fing ich an, mich am st\u00e4ndigen Auf- Ab zu nerven, zum anderen war heute mein verlaufen Tag. Trotz GPS, waren die Wege zum Teil nur schwer zu finden. Es gibt nichts \u00e4rgerliches wenn man sich verl\u00e4uft. Die Etappe war mit 27km sowieso schon lang. Jeden Extra Kilometer merkt man dann am Schluss.\u00a0 <\/p>\n<div style=\"width: 810px\" class=\"wp-caption alignnone\"><a href=\"https:\/\/www.marcelloswelt.ch\/wp-content\/uploads\/2015\/06\/wpid-wp-1433614508122.jpeg\"><img decoding=\"async\" title=\"wp-1433614508122\" class=\"alignnone size-full\"  alt=\"image\" src=\"https:\/\/www.marcelloswelt.ch\/wp-content\/uploads\/2015\/06\/wpid-wp-1433614508122.jpeg\" \/><\/a><p class=\"wp-caption-text\">Aosta Tal wird nun breiter<\/p><\/div>\n<p>Auch hatte ich einen meiner Pilger thinking steps nicht richtig beachtet. Ich hatte zuwenig Essens- Proviant mit dabei. Der Weg wird, wenn m\u00f6glich auf der alten Route, oberhalb der D\u00f6rfer gef\u00fchrt. Also nichts mit Bar, Pizzeria und Alimentare Gesch\u00e4ften. Stattdessen gibt es alte Festungen, Ruinen und Epochal wichtiges zu bestaunen (hier hat Napoleon hingepinkelt, da hat der Pilger seine Erleuchtung bekommen etc.) So nen Scheiss, ich bin doch hergekommen wegen dem guten Essen! Jedenfalls zog ich mir einen 1\/2 Hungerast rein. Ich musste also in ein Dorf absteigen, um mir in einer Bar ein Panino zu kaufen. Als w\u00e4re dies alles noch nicht genug, habe ich dann in der Bar meine Wanderstoecke stehen lassen. Super, auch noch zur\u00fcck laufen um diese zu holen.<\/p>\n<div style=\"width: 810px\" class=\"wp-caption alignnone\"><a href=\"https:\/\/www.marcelloswelt.ch\/wp-content\/uploads\/2015\/06\/wpid-wp-1433614528626.jpeg\"><img decoding=\"async\" title=\"wp-1433614528626\" class=\"alignnone size-full\"  alt=\"image\" src=\"https:\/\/www.marcelloswelt.ch\/wp-content\/uploads\/2015\/06\/wpid-wp-1433614528626.jpeg\" \/><\/a><p class=\"wp-caption-text\">Selfi, einmal anders<\/p><\/div>\n<p>Zudem gab es unz\u00e4hlige Varianten bei dieser Etappe, die man erst finden musste. Ich bin einfach nicht daf\u00fcr geboren, mir Reisef\u00fchrer Wegbeschreibungen zu merken. Ich lese das, und vergesse es gleich wieder. Habe es mir heute sogar aufgeschrieben, bin aber trotzdem an der Abzweigung vorbei Gelaufen.<\/p>\n<p><a href=\"https:\/\/www.marcelloswelt.ch\/wp-content\/uploads\/2015\/06\/wpid-wp-1433614582298.jpeg\"><img decoding=\"async\" title=\"wp-1433614582298\" class=\"alignnone size-full\"  alt=\"image\" src=\"https:\/\/www.marcelloswelt.ch\/wp-content\/uploads\/2015\/06\/wpid-wp-1433614582298.jpeg\" \/><\/a><\/p>\n<p>Am Schluss hatte ich dann genug vom ewigen Up-Down und waehlte die Variante im Tal f\u00fcr die letzten 5km<\/p>\n<p><a href=\"https:\/\/www.marcelloswelt.ch\/wp-content\/uploads\/2015\/06\/wpid-wp-1433614562619.jpeg\"><img decoding=\"async\" title=\"wp-1433614562619\" class=\"alignnone size-full\"  alt=\"image\" src=\"https:\/\/www.marcelloswelt.ch\/wp-content\/uploads\/2015\/06\/wpid-wp-1433614562619.jpeg\" \/><\/a><\/p>\n<p>Es ging zwar zeitweise an wenig befahrenen Strassen entlang, aber daf\u00fcr war es flach. Das GPS meinte am Schluss 34km.<\/p>\n<p>War nicht mein Tag heute. Abhacken und weiterlaufen.<\/p>\n","protected":false},"excerpt":{"rendered":"<p>Irgendwie konnte ich die letzte Nacht nicht richtig Einschlafen. Es war wohl zu heiss. Heute morgen f\u00fchlte ich mich aber dennoch gut und wanderte, bereits um 08:00 Uhr, weiter. Das st\u00e4ndige Auf- und Ab ging\u00a0 weiter. Zwar hat man von den oberen Wegen eine super Aussicht, aber die Anstiege sind schon ziemlich heftig. Zudem war [&hellip;]<\/p>\n","protected":false},"author":4,"featured_media":0,"comment_status":"open","ping_status":"open","sticky":false,"template":"","format":"standard","meta":{"ngg_post_thumbnail":0,"footnotes":""},"categories":[6],"tags":[],"class_list":["post-497","post","type-post","status-publish","format-standard","hentry","category-sabatical-2015"],"_links":{"self":[{"href":"https:\/\/www.marcelloswelt.ch\/index.php?rest_route=\/wp\/v2\/posts\/497","targetHints":{"allow":["GET"]}}],"collection":[{"href":"https:\/\/www.marcelloswelt.ch\/index.php?rest_route=\/wp\/v2\/posts"}],"about":[{"href":"https:\/\/www.marcelloswelt.ch\/index.php?rest_route=\/wp\/v2\/types\/post"}],"author":[{"embeddable":true,"href":"https:\/\/www.marcelloswelt.ch\/index.php?rest_route=\/wp\/v2\/users\/4"}],"replies":[{"embeddable":true,"href":"https:\/\/www.marcelloswelt.ch\/index.php?rest_route=%2Fwp%2Fv2%2Fcomments&post=497"}],"version-history":[{"count":2,"href":"https:\/\/www.marcelloswelt.ch\/index.php?rest_route=\/wp\/v2\/posts\/497\/revisions"}],"predecessor-version":[{"id":499,"href":"https:\/\/www.marcelloswelt.ch\/index.php?rest_route=\/wp\/v2\/posts\/497\/revisions\/499"}],"wp:attachment":[{"href":"https:\/\/www.marcelloswelt.ch\/index.php?rest_route=%2Fwp%2Fv2%2Fmedia&parent=497"}],"wp:term":[{"taxonomy":"category","embeddable":true,"href":"https:\/\/www.marcelloswelt.ch\/index.php?rest_route=%2Fwp%2Fv2%2Fcategories&post=497"},{"taxonomy":"post_tag","embeddable":true,"href":"https:\/\/www.marcelloswelt.ch\/index.php?rest_route=%2Fwp%2Fv2%2Ftags&post=497"}],"curies":[{"name":"wp","href":"https:\/\/api.w.org\/{rel}","templated":true}]}}