{"id":486,"date":"2015-06-10T19:08:00","date_gmt":"2015-06-10T19:08:00","guid":{"rendered":"https:\/\/www.marcelloswelt.ch\/?p=486"},"modified":"2015-06-10T20:21:44","modified_gmt":"2015-06-10T20:21:44","slug":"mittwoch-montestrutto-ivera","status":"publish","type":"post","link":"https:\/\/www.marcelloswelt.ch\/?p=486","title":{"rendered":"Montestrutto &#8211; Ivrea"},"content":{"rendered":"<p>Wie auf den Bildern zu erkennen ist, wird es immer flacher und flacher. Es gibt zwar schon noch einige Huegel, aber im Gegensatz zu vorhin, viel weniger hoch.<\/p>\n<p><a href=\"https:\/\/www.marcelloswelt.ch\/wp-content\/uploads\/2015\/06\/wpid-wp-1433784639028.jpeg\"><img decoding=\"async\" title=\"wp-1433784639028\" class=\"alignnone size-full\"  alt=\"image\" src=\"https:\/\/www.marcelloswelt.ch\/wp-content\/uploads\/2015\/06\/wpid-wp-1433784639028.jpeg\" \/><\/a><\/p>\n<p>Von dieser Etappe gibt es eigentlich nichts spezielles zu berichten, ausser das Ivrea auch so ein sch\u00f6nes kleines St\u00e4dtchen ist.  <\/p>\n<p><a href=\"https:\/\/www.marcelloswelt.ch\/wp-content\/uploads\/2015\/06\/wpid-wp-1433784658930.jpeg\"><img decoding=\"async\" title=\"wp-1433784658930\" class=\"alignnone size-full\"  alt=\"image\" src=\"https:\/\/www.marcelloswelt.ch\/wp-content\/uploads\/2015\/06\/wpid-wp-1433784658930.jpeg\" \/><\/a><\/p>\n<p><a href=\"https:\/\/www.marcelloswelt.ch\/wp-content\/uploads\/2015\/06\/wpid-wp-1433784681908.jpeg\"><img decoding=\"async\" title=\"wp-1433784681908\" class=\"alignnone size-full\"  alt=\"image\" src=\"https:\/\/www.marcelloswelt.ch\/wp-content\/uploads\/2015\/06\/wpid-wp-1433784681908.jpeg\" \/><\/a><\/p>\n<p><a href=\"https:\/\/www.marcelloswelt.ch\/wp-content\/uploads\/2015\/06\/wpid-wp-1433784703737.jpeg\"><img decoding=\"async\" title=\"wp-1433784703737\" class=\"alignnone size-full\"  alt=\"image\" src=\"https:\/\/www.marcelloswelt.ch\/wp-content\/uploads\/2015\/06\/wpid-wp-1433784703737.jpeg\" \/><\/a><\/p>\n<p>Da meine F\u00fcsse ein wenig \u00fcberlastet sind, mache ich wohl hier einen Tag Pause.<\/p>\n","protected":false},"excerpt":{"rendered":"<p>Wie auf den Bildern zu erkennen ist, wird es immer flacher und flacher. Es gibt zwar schon noch einige Huegel, aber im Gegensatz zu vorhin, viel weniger hoch. Von dieser Etappe gibt es eigentlich nichts spezielles zu berichten, ausser das Ivrea auch so ein sch\u00f6nes kleines St\u00e4dtchen ist. Da meine F\u00fcsse ein wenig \u00fcberlastet sind, [&hellip;]<\/p>\n","protected":false},"author":4,"featured_media":0,"comment_status":"open","ping_status":"open","sticky":false,"template":"","format":"standard","meta":{"ngg_post_thumbnail":0,"footnotes":""},"categories":[6],"tags":[],"class_list":["post-486","post","type-post","status-publish","format-standard","hentry","category-sabatical-2015"],"_links":{"self":[{"href":"https:\/\/www.marcelloswelt.ch\/index.php?rest_route=\/wp\/v2\/posts\/486","targetHints":{"allow":["GET"]}}],"collection":[{"href":"https:\/\/www.marcelloswelt.ch\/index.php?rest_route=\/wp\/v2\/posts"}],"about":[{"href":"https:\/\/www.marcelloswelt.ch\/index.php?rest_route=\/wp\/v2\/types\/post"}],"author":[{"embeddable":true,"href":"https:\/\/www.marcelloswelt.ch\/index.php?rest_route=\/wp\/v2\/users\/4"}],"replies":[{"embeddable":true,"href":"https:\/\/www.marcelloswelt.ch\/index.php?rest_route=%2Fwp%2Fv2%2Fcomments&post=486"}],"version-history":[{"count":6,"href":"https:\/\/www.marcelloswelt.ch\/index.php?rest_route=\/wp\/v2\/posts\/486\/revisions"}],"predecessor-version":[{"id":524,"href":"https:\/\/www.marcelloswelt.ch\/index.php?rest_route=\/wp\/v2\/posts\/486\/revisions\/524"}],"wp:attachment":[{"href":"https:\/\/www.marcelloswelt.ch\/index.php?rest_route=%2Fwp%2Fv2%2Fmedia&parent=486"}],"wp:term":[{"taxonomy":"category","embeddable":true,"href":"https:\/\/www.marcelloswelt.ch\/index.php?rest_route=%2Fwp%2Fv2%2Fcategories&post=486"},{"taxonomy":"post_tag","embeddable":true,"href":"https:\/\/www.marcelloswelt.ch\/index.php?rest_route=%2Fwp%2Fv2%2Ftags&post=486"}],"curies":[{"name":"wp","href":"https:\/\/api.w.org\/{rel}","templated":true}]}}