{"id":4846,"date":"2019-06-25T21:19:09","date_gmt":"2019-06-25T20:19:09","guid":{"rendered":"https:\/\/www.marcelloswelt.ch\/?p=4846"},"modified":"2019-06-25T13:29:42","modified_gmt":"2019-06-25T12:29:42","slug":"stau-am-berg","status":"publish","type":"post","link":"https:\/\/www.marcelloswelt.ch\/?p=4846","title":{"rendered":"Stau am Berg"},"content":{"rendered":"<p>Dieses Wochenende eine Wanderung zur Bergh\u00fctte auf den grossen Mythen unternommen. Die Region um den grossen Mythen herum habe ich schon ein paar Mal bewandert und zuletzt sogar mal umflogen. Von der grossen Mythen H\u00fctte hat man eine traumhafte Aussicht auf die Schwyzer Alpen und auf den Vierwaldst\u00e4tter See. Wie zu erwarten waren wir nicht allein am Berg, das sch\u00f6ne Wetter lockte so einige Bergg\u00e4nger aus ihren Wohnungen.<br \/>\n<img loading=\"lazy\" decoding=\"async\" class=\"alignleft size-full wp-image-4842\" src=\"https:\/\/www.marcelloswelt.ch\/wp-content\/uploads\/2019\/06\/IMG_20190623_114501.jpg\" alt=\"\" width=\"800\" height=\"600\" srcset=\"https:\/\/www.marcelloswelt.ch\/wp-content\/uploads\/2019\/06\/IMG_20190623_114501.jpg 800w, https:\/\/www.marcelloswelt.ch\/wp-content\/uploads\/2019\/06\/IMG_20190623_114501-300x225.jpg 300w, https:\/\/www.marcelloswelt.ch\/wp-content\/uploads\/2019\/06\/IMG_20190623_114501-768x576.jpg 768w, https:\/\/www.marcelloswelt.ch\/wp-content\/uploads\/2019\/06\/IMG_20190623_114501-624x468.jpg 624w\" sizes=\"auto, (max-width: 800px) 100vw, 800px\" \/><br \/>\nBeim Aufstieg von Brunni zur Mittelstation Holzegg sind wir schon einigen begegnet oder wurden von den nicht-schwitz Aufsteigern in der Gondelbahn \u00fcberholt. In der Holzegg angekommen holte ich dann mein Fernglas aus dem Rucksack und musterte den schmalen, steilen Grat, der zur Mythenh\u00fctte f\u00fchrt. Bergstau! Schlimmer als am Gotthard in der Haupturlaubszeit \u2639 Darum haben wir uns kurzerhand entschlossen, unsere Erstbesteigung auf einen anderen Tag zu verlegen. Nach kurzer Ausschau nach Alternativen entschloss man sich f\u00fcr den Schwyzer H\u00f6henweg.<br \/>\n<img loading=\"lazy\" decoding=\"async\" class=\"alignleft size-full wp-image-4841\" src=\"https:\/\/www.marcelloswelt.ch\/wp-content\/uploads\/2019\/06\/Capture.jpg\" alt=\"\" width=\"800\" height=\"468\" srcset=\"https:\/\/www.marcelloswelt.ch\/wp-content\/uploads\/2019\/06\/Capture.jpg 800w, https:\/\/www.marcelloswelt.ch\/wp-content\/uploads\/2019\/06\/Capture-300x176.jpg 300w, https:\/\/www.marcelloswelt.ch\/wp-content\/uploads\/2019\/06\/Capture-768x449.jpg 768w, https:\/\/www.marcelloswelt.ch\/wp-content\/uploads\/2019\/06\/Capture-624x365.jpg 624w\" sizes=\"auto, (max-width: 800px) 100vw, 800px\" \/><br \/>\nDiese sch\u00f6ne Rundwanderung f\u00fchrte uns abseits des Trubels quer durch die Schwyzer Berglandschaft mit abwechselnder Aussicht in die verschiedenen T\u00e4ler.<br \/>\n<img loading=\"lazy\" decoding=\"async\" class=\"alignleft size-full wp-image-4843\" src=\"https:\/\/www.marcelloswelt.ch\/wp-content\/uploads\/2019\/06\/IMG_20190623_132212.jpg\" alt=\"\" width=\"800\" height=\"600\" srcset=\"https:\/\/www.marcelloswelt.ch\/wp-content\/uploads\/2019\/06\/IMG_20190623_132212.jpg 800w, https:\/\/www.marcelloswelt.ch\/wp-content\/uploads\/2019\/06\/IMG_20190623_132212-300x225.jpg 300w, https:\/\/www.marcelloswelt.ch\/wp-content\/uploads\/2019\/06\/IMG_20190623_132212-768x576.jpg 768w, https:\/\/www.marcelloswelt.ch\/wp-content\/uploads\/2019\/06\/IMG_20190623_132212-624x468.jpg 624w\" sizes=\"auto, (max-width: 800px) 100vw, 800px\" \/><br \/>\nAuf dem h\u00f6chsten Punkt der Wanderung, am Furggelenstock angekommen, erst mal eine Pause eingelegt und die sch\u00f6ne Aussicht Richtung Iberg genossen.<br \/>\n<img loading=\"lazy\" decoding=\"async\" class=\"alignleft size-full wp-image-4844\" src=\"https:\/\/www.marcelloswelt.ch\/wp-content\/uploads\/2019\/06\/IMG_20190623_132255.jpg\" alt=\"\" width=\"800\" height=\"600\" srcset=\"https:\/\/www.marcelloswelt.ch\/wp-content\/uploads\/2019\/06\/IMG_20190623_132255.jpg 800w, https:\/\/www.marcelloswelt.ch\/wp-content\/uploads\/2019\/06\/IMG_20190623_132255-300x225.jpg 300w, https:\/\/www.marcelloswelt.ch\/wp-content\/uploads\/2019\/06\/IMG_20190623_132255-768x576.jpg 768w, https:\/\/www.marcelloswelt.ch\/wp-content\/uploads\/2019\/06\/IMG_20190623_132255-624x468.jpg 624w\" sizes=\"auto, (max-width: 800px) 100vw, 800px\" \/><br \/>\nVon links: Der grosse Mythen, der kleine Mythen und der Haggenspitz von der Bergwirtschaft Furggelen aus Fotografiert. Wir hatten wohl etwas die bessere Aussicht als vom Mythen aus, der sich einige Zeit mit einem Wolkenk\u00e4ppi pr\u00e4sentierte.<br \/>\n<img loading=\"lazy\" decoding=\"async\" class=\"alignleft size-full wp-image-4845\" src=\"https:\/\/www.marcelloswelt.ch\/wp-content\/uploads\/2019\/06\/IMG_20190623_142619.jpg\" alt=\"\" width=\"800\" height=\"600\" srcset=\"https:\/\/www.marcelloswelt.ch\/wp-content\/uploads\/2019\/06\/IMG_20190623_142619.jpg 800w, https:\/\/www.marcelloswelt.ch\/wp-content\/uploads\/2019\/06\/IMG_20190623_142619-300x225.jpg 300w, https:\/\/www.marcelloswelt.ch\/wp-content\/uploads\/2019\/06\/IMG_20190623_142619-768x576.jpg 768w, https:\/\/www.marcelloswelt.ch\/wp-content\/uploads\/2019\/06\/IMG_20190623_142619-624x468.jpg 624w\" sizes=\"auto, (max-width: 800px) 100vw, 800px\" \/><br \/>\nDie Mythenh\u00fctte kommt aber bestimmt demn\u00e4chst mal dran.<\/p>\n","protected":false},"excerpt":{"rendered":"<p>Dieses Wochenende eine Wanderung zur Bergh\u00fctte auf den grossen Mythen unternommen. Die Region um den grossen Mythen herum habe ich schon ein paar Mal bewandert und zuletzt sogar mal umflogen. Von der grossen Mythen H\u00fctte hat man eine traumhafte Aussicht auf die Schwyzer Alpen und auf den Vierwaldst\u00e4tter See. Wie zu erwarten waren wir nicht [&hellip;]<\/p>\n","protected":false},"author":4,"featured_media":0,"comment_status":"open","ping_status":"open","sticky":false,"template":"","format":"standard","meta":{"ngg_post_thumbnail":0,"footnotes":""},"categories":[2],"tags":[],"class_list":["post-4846","post","type-post","status-publish","format-standard","hentry","category-allgemein"],"_links":{"self":[{"href":"https:\/\/www.marcelloswelt.ch\/index.php?rest_route=\/wp\/v2\/posts\/4846","targetHints":{"allow":["GET"]}}],"collection":[{"href":"https:\/\/www.marcelloswelt.ch\/index.php?rest_route=\/wp\/v2\/posts"}],"about":[{"href":"https:\/\/www.marcelloswelt.ch\/index.php?rest_route=\/wp\/v2\/types\/post"}],"author":[{"embeddable":true,"href":"https:\/\/www.marcelloswelt.ch\/index.php?rest_route=\/wp\/v2\/users\/4"}],"replies":[{"embeddable":true,"href":"https:\/\/www.marcelloswelt.ch\/index.php?rest_route=%2Fwp%2Fv2%2Fcomments&post=4846"}],"version-history":[{"count":5,"href":"https:\/\/www.marcelloswelt.ch\/index.php?rest_route=\/wp\/v2\/posts\/4846\/revisions"}],"predecessor-version":[{"id":4851,"href":"https:\/\/www.marcelloswelt.ch\/index.php?rest_route=\/wp\/v2\/posts\/4846\/revisions\/4851"}],"wp:attachment":[{"href":"https:\/\/www.marcelloswelt.ch\/index.php?rest_route=%2Fwp%2Fv2%2Fmedia&parent=4846"}],"wp:term":[{"taxonomy":"category","embeddable":true,"href":"https:\/\/www.marcelloswelt.ch\/index.php?rest_route=%2Fwp%2Fv2%2Fcategories&post=4846"},{"taxonomy":"post_tag","embeddable":true,"href":"https:\/\/www.marcelloswelt.ch\/index.php?rest_route=%2Fwp%2Fv2%2Ftags&post=4846"}],"curies":[{"name":"wp","href":"https:\/\/api.w.org\/{rel}","templated":true}]}}