{"id":478,"date":"2015-06-07T20:37:49","date_gmt":"2015-06-07T20:37:49","guid":{"rendered":"https:\/\/www.marcelloswelt.ch\/?p=478"},"modified":"2015-06-07T21:20:45","modified_gmt":"2015-06-07T21:20:45","slug":"aosta-chambave","status":"publish","type":"post","link":"https:\/\/www.marcelloswelt.ch\/?p=478","title":{"rendered":"Aosta &#8211; Chambave"},"content":{"rendered":"<p>Der Tag Pause tat mir wirklich gut. Ich habe ausgeschlafen und klapperte ein wenig die Altstadt ab. <\/p>\n<p><a href=\"https:\/\/www.marcelloswelt.ch\/wp-content\/uploads\/2015\/06\/wpid-wp-1433521413779.jpeg\"><img decoding=\"async\" title=\"wp-1433521413779\" class=\"alignnone size-full\"  alt=\"image\" src=\"https:\/\/www.marcelloswelt.ch\/wp-content\/uploads\/2015\/06\/wpid-wp-1433521413779.jpeg\" \/><\/a><\/p>\n<p>Heute bin ich also weiter gelaufen, und lies Aosta hinter mir. Die Etappe war wieder l\u00e4nger, gut 26km gem\u00e4\u00df Reisef\u00fchrer. Sie war zwar sch\u00f6n zu begehen, aber gepr\u00e4gt von einem st\u00e4ndigen Auf- und Ab. Ich will nicht jammern, aber es wurde recht heiss am Nachmittag.<\/p>\n<p><a href=\"https:\/\/www.marcelloswelt.ch\/wp-content\/uploads\/2015\/06\/wpid-wp-1433521431756.jpeg\"><img decoding=\"async\" title=\"wp-1433521431756\" class=\"alignnone size-full\"  alt=\"image\" src=\"https:\/\/www.marcelloswelt.ch\/wp-content\/uploads\/2015\/06\/wpid-wp-1433521431756.jpeg\" \/><\/a><\/p>\n<div style=\"width: 810px\" class=\"wp-caption alignnone\"><a href=\"https:\/\/www.marcelloswelt.ch\/wp-content\/uploads\/2015\/06\/wpid-wp-1433521460224.jpeg\"><img decoding=\"async\" title=\"wp-1433521460224\" class=\"alignnone size-full\"  alt=\"image\" src=\"https:\/\/www.marcelloswelt.ch\/wp-content\/uploads\/2015\/06\/wpid-wp-1433521460224.jpeg\" \/><\/a><p class=\"wp-caption-text\">Eine Selfi muss auch mal sein<\/p><\/div>\n<p>Sch\u00f6ne Aussicht auf das Aosta Tal.<\/p>\n<p><a href=\"https:\/\/www.marcelloswelt.ch\/wp-content\/uploads\/2015\/06\/wpid-wp-1433521528291.jpeg\"><img decoding=\"async\" title=\"wp-1433521528291\" class=\"alignnone size-full\"  alt=\"image\" src=\"https:\/\/www.marcelloswelt.ch\/wp-content\/uploads\/2015\/06\/wpid-wp-1433521528291.jpeg\" \/><\/a><\/p>\n<p>Da Entdeckte ich zum ersten mal Mit- Pilger auf der Francigena. Habe mit ihnen ein kurzes Gespr\u00e4ch gef\u00fchrt und dann wohl abgeh\u00e4ngt.<\/p>\n<p><a href=\"https:\/\/www.marcelloswelt.ch\/wp-content\/uploads\/2015\/06\/wpid-wp-1433521559306.jpeg\"><img decoding=\"async\" title=\"wp-1433521559306\" class=\"alignnone size-full\"  alt=\"image\" src=\"https:\/\/www.marcelloswelt.ch\/wp-content\/uploads\/2015\/06\/wpid-wp-1433521559306.jpeg\" \/><\/a><\/p>\n<p>In Chambave gibt es nicht viele M\u00f6glichkeiten zum \u00dcbernachten. Genau gesagt eigentlich nur 1 B&#038;B, in dem ich bis jetzt noch alleine bin. Anscheinend haben diese zwei vorher halt gemacht.<\/p>\n<div style=\"width: 810px\" class=\"wp-caption alignnone\"><a href=\"https:\/\/www.marcelloswelt.ch\/wp-content\/uploads\/2015\/06\/wpid-wp-1433523736002.jpeg\"><img decoding=\"async\" title=\"wp-1433523736002\" class=\"alignnone size-full\"  alt=\"image\" src=\"https:\/\/www.marcelloswelt.ch\/wp-content\/uploads\/2015\/06\/wpid-wp-1433523736002.jpeg\" \/><\/a><p class=\"wp-caption-text\">Vom B&amp;B aus, das kleine Dorf fotografiert<\/p><\/div>\n<p>Und hier noch eine Geschichte, die unter den skurrilen eingeordnet werden kann. Ich gebe mir M\u00fche ein guter Pilger zu sein, obwohl ich ja ab und zu eine Pilger S\u00fcnde begehe. Ich Gr\u00fc\u00dfe also alle recht freundlich an denen ich vorbei Laufe. &#8222;Buon giorno&#8220;\u00a0 gebrauche ich deshalb noch viel. Und ab und zu fragt einer &#8222;ma tu sei un Pellegrino? Da dove vieni? e dove vai?&#8220; Ich erkl\u00e4re es dann, und meistens kommt dann &#8222;Tutto il bene e tanta forza, che Dio ti protege&#8220; Das Finde ich nett, bedankte mich, w\u00fcnsche einen sch\u00f6nen Tag und Laufe weiter. So wie auch heute, bei dem netten Herrn, mit dem ich diese kurze Konversation f\u00fchrte.<\/p>\n<p><a href=\"https:\/\/www.marcelloswelt.ch\/wp-content\/uploads\/2015\/06\/wpid-wp-1433521576055.jpeg\"><img decoding=\"async\" title=\"wp-1433521576055\" class=\"alignnone size-full\"  alt=\"image\" src=\"https:\/\/www.marcelloswelt.ch\/wp-content\/uploads\/2015\/06\/wpid-wp-1433521576055.jpeg\" \/><\/a><\/p>\n<p>Etwa 2 Minuten sp\u00e4ter fuhr ein Auto neben mich hin, und der selbe Mann sprang aus den Fahrzeug. Er meinte ich seie aber schnell unterwegs, obwohl ich heute extra langsam lief. Er dr\u00fcckte mir dieses Buch in die Hand und meinte, ich m\u00fcsse das unbedingt lesen. Das seihe sehr wichtig. Ich war so perplex, dass ich nur dankend annahm, weder ein Foto von dem Typen machte und auch nicht \u00fcberlege das dieser Schm\u00f6ker sicherlich ein 1\/2 Kilo wiegt. Zudem ist die Schriftgr\u00f6\u00dfe etwa Arial 6 und ich kann das in Italienisch sowieso kaum lesen. Den Inalt des &#8222;Grossen Konfliktes&#8220; k\u00f6nnt ihr ja gerne mal Googeln. Ich glaube nicht, dass ich mir diese Lekt\u00fcre zu Gem\u00fcte f\u00fchren werde.<\/p>\n","protected":false},"excerpt":{"rendered":"<p>Der Tag Pause tat mir wirklich gut. Ich habe ausgeschlafen und klapperte ein wenig die Altstadt ab. Heute bin ich also weiter gelaufen, und lies Aosta hinter mir. Die Etappe war wieder l\u00e4nger, gut 26km gem\u00e4\u00df Reisef\u00fchrer. Sie war zwar sch\u00f6n zu begehen, aber gepr\u00e4gt von einem st\u00e4ndigen Auf- und Ab. Ich will nicht jammern, [&hellip;]<\/p>\n","protected":false},"author":4,"featured_media":0,"comment_status":"open","ping_status":"open","sticky":false,"template":"","format":"standard","meta":{"ngg_post_thumbnail":0,"footnotes":""},"categories":[6],"tags":[],"class_list":["post-478","post","type-post","status-publish","format-standard","hentry","category-sabatical-2015"],"_links":{"self":[{"href":"https:\/\/www.marcelloswelt.ch\/index.php?rest_route=\/wp\/v2\/posts\/478","targetHints":{"allow":["GET"]}}],"collection":[{"href":"https:\/\/www.marcelloswelt.ch\/index.php?rest_route=\/wp\/v2\/posts"}],"about":[{"href":"https:\/\/www.marcelloswelt.ch\/index.php?rest_route=\/wp\/v2\/types\/post"}],"author":[{"embeddable":true,"href":"https:\/\/www.marcelloswelt.ch\/index.php?rest_route=\/wp\/v2\/users\/4"}],"replies":[{"embeddable":true,"href":"https:\/\/www.marcelloswelt.ch\/index.php?rest_route=%2Fwp%2Fv2%2Fcomments&post=478"}],"version-history":[{"count":3,"href":"https:\/\/www.marcelloswelt.ch\/index.php?rest_route=\/wp\/v2\/posts\/478\/revisions"}],"predecessor-version":[{"id":481,"href":"https:\/\/www.marcelloswelt.ch\/index.php?rest_route=\/wp\/v2\/posts\/478\/revisions\/481"}],"wp:attachment":[{"href":"https:\/\/www.marcelloswelt.ch\/index.php?rest_route=%2Fwp%2Fv2%2Fmedia&parent=478"}],"wp:term":[{"taxonomy":"category","embeddable":true,"href":"https:\/\/www.marcelloswelt.ch\/index.php?rest_route=%2Fwp%2Fv2%2Fcategories&post=478"},{"taxonomy":"post_tag","embeddable":true,"href":"https:\/\/www.marcelloswelt.ch\/index.php?rest_route=%2Fwp%2Fv2%2Ftags&post=478"}],"curies":[{"name":"wp","href":"https:\/\/api.w.org\/{rel}","templated":true}]}}