{"id":459,"date":"2015-06-04T18:22:27","date_gmt":"2015-06-04T18:22:27","guid":{"rendered":"https:\/\/www.marcelloswelt.ch\/?p=459"},"modified":"2015-06-04T18:25:53","modified_gmt":"2015-06-04T18:25:53","slug":"auf-wiedersehen-schweiz-italia-arrivo","status":"publish","type":"post","link":"https:\/\/www.marcelloswelt.ch\/?p=459","title":{"rendered":"Auf wiedersehen Schweiz &#8211; Italia arrivo"},"content":{"rendered":"<p>Ich muss schon sagen, ich hatte super, super Gl\u00fcck mit dem Wetter. Es hat in der Schweiz nur 2 Tage durch geregnet. Den Rest der Tour hatte ich meistens wundersch\u00f6nes Wetter. Danke Schweiz Tourismus f\u00fcr das super Wetter.<\/p>\n<p><a href=\"https:\/\/www.marcelloswelt.ch\/wp-content\/uploads\/2015\/06\/wpid-wp-1433441251341.jpeg\"><img decoding=\"async\" title=\"wp-1433441251341\" class=\"alignnone size-full\"  alt=\"image\" src=\"https:\/\/www.marcelloswelt.ch\/wp-content\/uploads\/2015\/06\/wpid-wp-1433441251341.jpeg\" \/><\/a><\/p>\n<p><a href=\"https:\/\/www.marcelloswelt.ch\/wp-content\/uploads\/2015\/06\/wpid-wp-1433441486876.jpeg\"><img decoding=\"async\" title=\"wp-1433441486876\" class=\"alignnone size-full\"  alt=\"image\" src=\"https:\/\/www.marcelloswelt.ch\/wp-content\/uploads\/2015\/06\/wpid-wp-1433441486876.jpeg\" \/><\/a><\/p>\n<p>Den ersten Teil der Etappe nach\u00a0 Echevennoz lief ich auch wieder auf der Passstra\u00dfe. Der Pass ist ja noch nicht offen, darum hatte es kaum Verkehr.<\/p>\n<div style=\"width: 810px\" class=\"wp-caption alignnone\"><a href=\"https:\/\/www.marcelloswelt.ch\/wp-content\/uploads\/2015\/06\/wpid-wp-1433441638123.jpeg\"><img decoding=\"async\" title=\"wp-1433441638123\" class=\"alignnone size-full\"  alt=\"image\" src=\"https:\/\/www.marcelloswelt.ch\/wp-content\/uploads\/2015\/06\/wpid-wp-1433441638123.jpeg\" \/><\/a><p class=\"wp-caption-text\">Pilgerwegweiser mit Lampe<\/p><\/div>\n<p><a href=\"https:\/\/www.marcelloswelt.ch\/wp-content\/uploads\/2015\/06\/wpid-wp-1433441670661.jpeg\"><img decoding=\"async\" title=\"wp-1433441670661\" class=\"alignnone size-full\"  alt=\"image\" src=\"https:\/\/www.marcelloswelt.ch\/wp-content\/uploads\/2015\/06\/wpid-wp-1433441670661.jpeg\" \/><\/a><\/p>\n<p>Es war zwar ein rechter Abstieg, aber die Wege waren gut begehbar.<\/p>\n","protected":false},"excerpt":{"rendered":"<p>Ich muss schon sagen, ich hatte super, super Gl\u00fcck mit dem Wetter. Es hat in der Schweiz nur 2 Tage durch geregnet. Den Rest der Tour hatte ich meistens wundersch\u00f6nes Wetter. Danke Schweiz Tourismus f\u00fcr das super Wetter. Den ersten Teil der Etappe nach\u00a0 Echevennoz lief ich auch wieder auf der Passstra\u00dfe. Der Pass ist [&hellip;]<\/p>\n","protected":false},"author":4,"featured_media":0,"comment_status":"open","ping_status":"open","sticky":false,"template":"","format":"standard","meta":{"ngg_post_thumbnail":0,"footnotes":""},"categories":[6],"tags":[],"class_list":["post-459","post","type-post","status-publish","format-standard","hentry","category-sabatical-2015"],"_links":{"self":[{"href":"https:\/\/www.marcelloswelt.ch\/index.php?rest_route=\/wp\/v2\/posts\/459","targetHints":{"allow":["GET"]}}],"collection":[{"href":"https:\/\/www.marcelloswelt.ch\/index.php?rest_route=\/wp\/v2\/posts"}],"about":[{"href":"https:\/\/www.marcelloswelt.ch\/index.php?rest_route=\/wp\/v2\/types\/post"}],"author":[{"embeddable":true,"href":"https:\/\/www.marcelloswelt.ch\/index.php?rest_route=\/wp\/v2\/users\/4"}],"replies":[{"embeddable":true,"href":"https:\/\/www.marcelloswelt.ch\/index.php?rest_route=%2Fwp%2Fv2%2Fcomments&post=459"}],"version-history":[{"count":2,"href":"https:\/\/www.marcelloswelt.ch\/index.php?rest_route=\/wp\/v2\/posts\/459\/revisions"}],"predecessor-version":[{"id":461,"href":"https:\/\/www.marcelloswelt.ch\/index.php?rest_route=\/wp\/v2\/posts\/459\/revisions\/461"}],"wp:attachment":[{"href":"https:\/\/www.marcelloswelt.ch\/index.php?rest_route=%2Fwp%2Fv2%2Fmedia&parent=459"}],"wp:term":[{"taxonomy":"category","embeddable":true,"href":"https:\/\/www.marcelloswelt.ch\/index.php?rest_route=%2Fwp%2Fv2%2Fcategories&post=459"},{"taxonomy":"post_tag","embeddable":true,"href":"https:\/\/www.marcelloswelt.ch\/index.php?rest_route=%2Fwp%2Fv2%2Ftags&post=459"}],"curies":[{"name":"wp","href":"https:\/\/api.w.org\/{rel}","templated":true}]}}