{"id":301,"date":"2015-05-03T19:06:09","date_gmt":"2015-05-03T19:06:09","guid":{"rendered":"https:\/\/www.marcelloswelt.ch\/?p=301"},"modified":"2018-04-22T20:46:40","modified_gmt":"2018-04-22T19:46:40","slug":"sabbatical-2015","status":"publish","type":"post","link":"https:\/\/www.marcelloswelt.ch\/?p=301","title":{"rendered":"Sabbatical 2015"},"content":{"rendered":"<p>Wie schon viele von mir wissen, habe ich dieses Jahr eine Auszeit vom Beruf genommen. Die Idee daf\u00fcr kam von meiner Firma (man staune). Die Firma hat uns diese M\u00f6glichkeit angeboten, ohne Konsequenzen auf die Karriere oder die Weiterbesch\u00e4ftigung. Mit einem guten Arbeitskollegen \u00fcber die M\u00f6glichkeit diskutiert, meinte dieser ich solle doch den Jakobsweg laufen gehen. Ich laufe ja gerne und Er h\u00e4tte auch schon dar\u00fcber nachgedacht. Da ich aber keine Lust hatte nach Spanien zu gehen und zudem annehme, seit Kerkeling das Buch geschrieben hat sich dort Deutschland die Hand gibt, schaute ich mich nach Alternativen um. Ich suchte irgendeinen Weg der nach Italien f\u00fchrte, am besten nach Rom. Und siehe da, ich musste gar nicht lange suchen, ich wurde schnell f\u00fcndig: Via Francigena oder auf Deutsch der Frankenweg.<\/p>\n<p>Eine ausf\u00fchrliche Beschreibung findet man hier <a href=\"http:\/\/www.eurovia.tv\/via-via-francigena.html\">http:\/\/www.eurovia.tv\/via-via-francigena.html<\/a><\/p>\n<p>Eine andere Bloggerin hat auch eine gute Beschreibung davon gemacht, diese findet man in Steffis Blog unter <a href=\"http:\/\/www.bellemelle.ch\/2014\/07\/via-francigena-mein-frankenweg-teil-1.html\">http:\/\/www.bellemelle.ch\/2014\/07\/via-francigena-mein-frankenweg-teil-1.html<\/a><\/p>\n<p>Die Offizielle Web-Seite ist <a href=\"http:\/\/www.viefrancigene.org\/it\/\">http:\/\/www.viefrancigene.org\/it\/<\/a><\/p>\n<p>Wie schon andere, wollte ich nach alter Pilgertradition von meiner Haust\u00fcre aus starten. Der Weg bis nach Lausanne auf der Via Jacobi (doch noch der Jakobsweg) ist 315km lang.<a href=\"https:\/\/www.marcelloswelt.ch\/wp-content\/uploads\/2015\/05\/Franci_ch-e1430679136999.jpg\"><img loading=\"lazy\" decoding=\"async\" class=\"alignleft size-full wp-image-303\" src=\"https:\/\/www.marcelloswelt.ch\/wp-content\/uploads\/2015\/05\/Franci_ch-e1430679136999.jpg\" alt=\"Franci_ch\" width=\"800\" height=\"395\"><\/a><\/p>\n<p>Von Lausanne nach Rom sind es dann nochmals 1151 KM, sprich das ergibt eine Gesamtstrecke vom 1466KM.<a href=\"https:\/\/www.marcelloswelt.ch\/wp-content\/uploads\/2015\/05\/Franci_IT-e1430679162770.jpg\"><img loading=\"lazy\" decoding=\"async\" class=\"alignleft size-full wp-image-304\" src=\"https:\/\/www.marcelloswelt.ch\/wp-content\/uploads\/2015\/05\/Franci_IT-e1430679162770.jpg\" alt=\"Franci_IT\" width=\"800\" height=\"758\"><\/a><\/p>\n<p>Wenn ich jeden Tag durchschnittlich 25km laufe, dann sollte ich Rom nach gut 2 Monaten erreichen. Dies also die Theorie. Da ich weis, dass dies wohl unrealistisch ist (schon die 1400km sind ja eine Wahnsinnszahl an sich) gebe ich mir daf\u00fcr 3 Monate Zeit. Mal schauen wie weit ich komme. Wenn es nicht sein soll, dann nehme ich eben den Zug \ud83d\ude42<\/p>\n<p>Es gibt f\u00fcr so eine Reise ja einiges zum Vorbereiten. Einen Grossteil der Ausr\u00fcstung musste ich neu Anschaffen. So zum Beispiel den Rucksack und den Schlafsack. Die Packlisten im Reisef\u00fchrer und auf Steffis Blog waren mir sehr hilfreich. Das Material das zusammengekommen ist sieht man unten. Mit 13-14kg liege ich unter den maximal empfohlenen 20% des eigenen K\u00f6rpergewichts.<a href=\"https:\/\/www.marcelloswelt.ch\/wp-content\/uploads\/2015\/05\/DSC_3996-e1430679219971.jpg\"><img loading=\"lazy\" decoding=\"async\" class=\"alignleft size-full wp-image-305\" src=\"https:\/\/www.marcelloswelt.ch\/wp-content\/uploads\/2015\/05\/DSC_3996-e1430679219971.jpg\" alt=\"DSC_3996\" width=\"800\" height=\"290\"><\/a><\/p>\n<p>Ich habe auch meine mobile Blog-App dabei und werde versuchen von Zeit zu Zeit einen Bericht zu posten. Ich will mir allerdings keinen Stress machen damit, um das zu vermeiden habe ich ja schliesslich die Auszeit genommen.<\/p>\n<p>Mal schauen wie es kommt, es bleibt spannend.<\/p>\n","protected":false},"excerpt":{"rendered":"<p>Wie schon viele von mir wissen, habe ich dieses Jahr eine Auszeit vom Beruf genommen. Die Idee daf\u00fcr kam von meiner Firma (man staune). Die Firma hat uns diese M\u00f6glichkeit angeboten, ohne Konsequenzen auf die Karriere oder die Weiterbesch\u00e4ftigung. Mit einem guten Arbeitskollegen \u00fcber die M\u00f6glichkeit diskutiert, meinte dieser ich solle doch den Jakobsweg laufen [&hellip;]<\/p>\n","protected":false},"author":4,"featured_media":0,"comment_status":"open","ping_status":"open","sticky":false,"template":"","format":"standard","meta":{"ngg_post_thumbnail":0,"footnotes":""},"categories":[2],"tags":[],"class_list":["post-301","post","type-post","status-publish","format-standard","hentry","category-allgemein"],"_links":{"self":[{"href":"https:\/\/www.marcelloswelt.ch\/index.php?rest_route=\/wp\/v2\/posts\/301","targetHints":{"allow":["GET"]}}],"collection":[{"href":"https:\/\/www.marcelloswelt.ch\/index.php?rest_route=\/wp\/v2\/posts"}],"about":[{"href":"https:\/\/www.marcelloswelt.ch\/index.php?rest_route=\/wp\/v2\/types\/post"}],"author":[{"embeddable":true,"href":"https:\/\/www.marcelloswelt.ch\/index.php?rest_route=\/wp\/v2\/users\/4"}],"replies":[{"embeddable":true,"href":"https:\/\/www.marcelloswelt.ch\/index.php?rest_route=%2Fwp%2Fv2%2Fcomments&post=301"}],"version-history":[{"count":7,"href":"https:\/\/www.marcelloswelt.ch\/index.php?rest_route=\/wp\/v2\/posts\/301\/revisions"}],"predecessor-version":[{"id":2915,"href":"https:\/\/www.marcelloswelt.ch\/index.php?rest_route=\/wp\/v2\/posts\/301\/revisions\/2915"}],"wp:attachment":[{"href":"https:\/\/www.marcelloswelt.ch\/index.php?rest_route=%2Fwp%2Fv2%2Fmedia&parent=301"}],"wp:term":[{"taxonomy":"category","embeddable":true,"href":"https:\/\/www.marcelloswelt.ch\/index.php?rest_route=%2Fwp%2Fv2%2Fcategories&post=301"},{"taxonomy":"post_tag","embeddable":true,"href":"https:\/\/www.marcelloswelt.ch\/index.php?rest_route=%2Fwp%2Fv2%2Ftags&post=301"}],"curies":[{"name":"wp","href":"https:\/\/api.w.org\/{rel}","templated":true}]}}