{"id":268,"date":"2015-04-12T20:15:09","date_gmt":"2015-04-12T20:15:09","guid":{"rendered":"https:\/\/www.marcelloswelt.ch\/?p=268"},"modified":"2015-04-12T20:15:09","modified_gmt":"2015-04-12T20:15:09","slug":"wanderung","status":"publish","type":"post","link":"https:\/\/www.marcelloswelt.ch\/?p=268","title":{"rendered":"Wanderung"},"content":{"rendered":"<p>Bei wundersch\u00f6nen Wetter wollten wir heute wieder einmal Wandern gehen. Es stand eine Wanderung auf dem Programm, die wir vor vielen Jahren, zusammen mit einem unserer Freunde gemacht haben. Das Ziel war die Ebenalp im Appenzellischen. Der Plan war, dass wir hinauflaufen und danach mit der Gondelbahn hinunter fahren.<\/p>\n<p><a href=\"http:\/\/www.ebenalp.ch\/de\/sommer\/wandern\">http:\/\/www.ebenalp.ch\/de\/sommer\/wandern<\/a><\/p>\n<p>Leider war die Gondelbahn wegen Revision geschlossen und das dazugeh\u00f6rige Alprestaurant nat\u00fcrlich auch. So entschieden wir uns stattdessen die Seealpsee Rundwanderung zu laufen.<a href=\"https:\/\/www.marcelloswelt.ch\/wp-content\/uploads\/2015\/04\/Alpsee_Karte.jpg\"><img loading=\"lazy\" decoding=\"async\" class=\"alignleft size-full wp-image-271\" src=\"https:\/\/www.marcelloswelt.ch\/wp-content\/uploads\/2015\/04\/Alpsee_Karte.jpg\" alt=\"Alpsee_Karte\" width=\"800\" height=\"600\" srcset=\"https:\/\/www.marcelloswelt.ch\/wp-content\/uploads\/2015\/04\/Alpsee_Karte.jpg 800w, https:\/\/www.marcelloswelt.ch\/wp-content\/uploads\/2015\/04\/Alpsee_Karte-300x225.jpg 300w, https:\/\/www.marcelloswelt.ch\/wp-content\/uploads\/2015\/04\/Alpsee_Karte-533x400.jpg 533w, https:\/\/www.marcelloswelt.ch\/wp-content\/uploads\/2015\/04\/Alpsee_Karte-624x468.jpg 624w\" sizes=\"auto, (max-width: 800px) 100vw, 800px\" \/><\/a><\/p>\n<p>Der ber\u00fchmt ber\u00fcchtigte steile Aufstieg hat es in sich. Auf 2 Kilometer sind 280 H\u00f6henmeter zu bew\u00e4ltigen. Da kommt man schon ein wenig ins Schwitzen! <a href=\"https:\/\/www.marcelloswelt.ch\/wp-content\/uploads\/2015\/04\/Alpsee_H\u00f6he.jpg\"><img loading=\"lazy\" decoding=\"async\" class=\"alignleft size-full wp-image-270\" src=\"https:\/\/www.marcelloswelt.ch\/wp-content\/uploads\/2015\/04\/Alpsee_H\u00f6he.jpg\" alt=\"Alpsee_H\u00f6he\" width=\"754\" height=\"437\" srcset=\"https:\/\/www.marcelloswelt.ch\/wp-content\/uploads\/2015\/04\/Alpsee_H\u00f6he.jpg 754w, https:\/\/www.marcelloswelt.ch\/wp-content\/uploads\/2015\/04\/Alpsee_H\u00f6he-300x174.jpg 300w, https:\/\/www.marcelloswelt.ch\/wp-content\/uploads\/2015\/04\/Alpsee_H\u00f6he-690x400.jpg 690w, https:\/\/www.marcelloswelt.ch\/wp-content\/uploads\/2015\/04\/Alpsee_H\u00f6he-624x362.jpg 624w\" sizes=\"auto, (max-width: 754px) 100vw, 754px\" \/><\/a><\/p>\n<p>Aber dann wurden wir mit der pr\u00e4chtigen Aussicht auf den Seealpsee belohnt.<a href=\"https:\/\/www.marcelloswelt.ch\/wp-content\/uploads\/2015\/04\/IMAG0696-e1428869233681.jpg\"><img loading=\"lazy\" decoding=\"async\" class=\"alignleft size-full wp-image-269\" src=\"https:\/\/www.marcelloswelt.ch\/wp-content\/uploads\/2015\/04\/IMAG0696-e1428869233681.jpg\" alt=\"Alpsee Foto\" width=\"799\" height=\"452\" \/><\/a><\/p>\n<p>&nbsp;<\/p>\n<blockquote><p><strong>Sch\u00f6n wars!<\/strong><\/p><\/blockquote>\n","protected":false},"excerpt":{"rendered":"<p>Bei wundersch\u00f6nen Wetter wollten wir heute wieder einmal Wandern gehen. Es stand eine Wanderung auf dem Programm, die wir vor vielen Jahren, zusammen mit einem unserer Freunde gemacht haben. Das Ziel war die Ebenalp im Appenzellischen. Der Plan war, dass wir hinauflaufen und danach mit der Gondelbahn hinunter fahren. http:\/\/www.ebenalp.ch\/de\/sommer\/wandern Leider war die Gondelbahn wegen [&hellip;]<\/p>\n","protected":false},"author":4,"featured_media":0,"comment_status":"open","ping_status":"open","sticky":false,"template":"","format":"standard","meta":{"ngg_post_thumbnail":0,"footnotes":""},"categories":[5],"tags":[],"class_list":["post-268","post","type-post","status-publish","format-standard","hentry","category-wandern"],"_links":{"self":[{"href":"https:\/\/www.marcelloswelt.ch\/index.php?rest_route=\/wp\/v2\/posts\/268","targetHints":{"allow":["GET"]}}],"collection":[{"href":"https:\/\/www.marcelloswelt.ch\/index.php?rest_route=\/wp\/v2\/posts"}],"about":[{"href":"https:\/\/www.marcelloswelt.ch\/index.php?rest_route=\/wp\/v2\/types\/post"}],"author":[{"embeddable":true,"href":"https:\/\/www.marcelloswelt.ch\/index.php?rest_route=\/wp\/v2\/users\/4"}],"replies":[{"embeddable":true,"href":"https:\/\/www.marcelloswelt.ch\/index.php?rest_route=%2Fwp%2Fv2%2Fcomments&post=268"}],"version-history":[{"count":5,"href":"https:\/\/www.marcelloswelt.ch\/index.php?rest_route=\/wp\/v2\/posts\/268\/revisions"}],"predecessor-version":[{"id":276,"href":"https:\/\/www.marcelloswelt.ch\/index.php?rest_route=\/wp\/v2\/posts\/268\/revisions\/276"}],"wp:attachment":[{"href":"https:\/\/www.marcelloswelt.ch\/index.php?rest_route=%2Fwp%2Fv2%2Fmedia&parent=268"}],"wp:term":[{"taxonomy":"category","embeddable":true,"href":"https:\/\/www.marcelloswelt.ch\/index.php?rest_route=%2Fwp%2Fv2%2Fcategories&post=268"},{"taxonomy":"post_tag","embeddable":true,"href":"https:\/\/www.marcelloswelt.ch\/index.php?rest_route=%2Fwp%2Fv2%2Ftags&post=268"}],"curies":[{"name":"wp","href":"https:\/\/api.w.org\/{rel}","templated":true}]}}