{"id":147,"date":"2015-02-15T18:12:38","date_gmt":"2015-02-15T18:12:38","guid":{"rendered":"https:\/\/www.marcelloswelt.ch\/?p=147"},"modified":"2015-02-15T18:30:17","modified_gmt":"2015-02-15T18:30:17","slug":"sonntagswanderung-in-amden","status":"publish","type":"post","link":"https:\/\/www.marcelloswelt.ch\/?p=147","title":{"rendered":"Sonntagswanderung in Amden"},"content":{"rendered":"<p>Heute Morgen war es bei uns sehr Nebelig. Nach konsultation der Webpage unseres favorisierten Skigebiets <a title=\"http:\/\/www.amden-weesen.ch\" href=\"http:\/\/www.amden-weesen.ch\" target=\"_blank\">http:\/\/www.amden-weesen.ch <\/a>, stand einem Ausflug dorthin nichts mehr im Wege. Die Webcam zeigte ziemlich sch\u00f6nes Wetter und Winterwandern war auch m\u00f6glich. <a href=\"https:\/\/www.marcelloswelt.ch\/wp-content\/uploads\/2015\/02\/IMAG0549-e1424023219532.jpg\"><img loading=\"lazy\" decoding=\"async\" class=\"alignleft size-full wp-image-149\" src=\"https:\/\/www.marcelloswelt.ch\/wp-content\/uploads\/2015\/02\/IMAG0549-e1424023219532.jpg\" alt=\"IMAG0549\" width=\"800\" height=\"452\" \/><\/a><\/p>\n<p>Wir entschlossen uns die Wanderung zur Alp \u201eVordere H\u00f6hi\u201c zu machen. Diese Wanderung dauert ca. 1 Stunde ab dem Parkplatz Arvenb\u00fchl. Auf der \u201eVordere H\u00f6hi\u201c hat es ein Alp-Restaurant in dem wir uns st\u00e4rkten, bevor wir wieder den Abstieg in Angriff genommen haben.<\/p>\n<p>War ein sch\u00f6ner Tag!<\/p>\n<p>&nbsp;<\/p>\n<p>PS. Ich muss noch etwas berichten das nur am rande mit unserem Ausflug zu tun hat. Dieses Ger\u00e4t, installiert in der Toilette, im Restaurant beim Parkplatz Arvenb\u00fchl, ist mir schon letztes Mal Aufgefallen. Heute musste ich es fotografieren und posten. Das ganze f\u00e4llt unter die Rubrik Kurioses oder Dinge die die Welt nicht braucht. Anscheinend hatte ein namhaftes Schweizer Unternehmen einen T\u00fcftler eingestellt, der etwas neues erfinden sollte. Darum erfand dieser den vollautomatischen Handwascher mit integriertem Aschenbecher.<\/p>\n<p><a href=\"https:\/\/www.marcelloswelt.ch\/wp-content\/uploads\/2015\/02\/IMAG0560-e1424023278300.jpg\"><img loading=\"lazy\" decoding=\"async\" class=\"alignleft size-full wp-image-150\" src=\"https:\/\/www.marcelloswelt.ch\/wp-content\/uploads\/2015\/02\/IMAG0560-e1424023278300.jpg\" alt=\"IMAG0560\" width=\"800\" height=\"366\" srcset=\"https:\/\/www.marcelloswelt.ch\/wp-content\/uploads\/2015\/02\/IMAG0560-e1424023278300.jpg 800w, https:\/\/www.marcelloswelt.ch\/wp-content\/uploads\/2015\/02\/IMAG0560-e1424023278300-300x137.jpg 300w, https:\/\/www.marcelloswelt.ch\/wp-content\/uploads\/2015\/02\/IMAG0560-e1424023278300-624x285.jpg 624w\" sizes=\"auto, (max-width: 800px) 100vw, 800px\" \/><\/a><\/p>\n<p>Wie auf dem Foto ersichtlich, steckt man in diese Kiste die H\u00e4nde hinein. Dann wird vollautomatisch ein Wasser-Dusch-Strahl aktiviert, gefolgt von einem Seifenspender, gefolgt von einem weiteren Wasser-Dusch-Strahl. Am Schluss kommt noch das Trockengebl\u00e4se um die H\u00e4nde wieder zu trocknen. Ich muss allerdings sagen dass, ich zuerst kr\u00e4ftig an dem Ding herumfummeln musste, um das Waschprogramm \u00fcberhaut zu starten. Anscheinend hat sich dieses Ger\u00e4t, trotz dem bestechenden Design, nicht durchgesetzt. Eventuell liegt es daran dass man heute im WC nicht mehr rauchen darf \ud83d\ude42<\/p>\n<p><a href=\"https:\/\/www.marcelloswelt.ch\/wp-content\/uploads\/2015\/02\/IMAG0559-e1424023292320.jpg\"><img loading=\"lazy\" decoding=\"async\" class=\"alignleft size-full wp-image-151\" src=\"https:\/\/www.marcelloswelt.ch\/wp-content\/uploads\/2015\/02\/IMAG0559-e1424023292320.jpg\" alt=\"IMAG0559\" width=\"800\" height=\"452\" \/><\/a><\/p>\n","protected":false},"excerpt":{"rendered":"<p>Heute Morgen war es bei uns sehr Nebelig. Nach konsultation der Webpage unseres favorisierten Skigebiets http:\/\/www.amden-weesen.ch , stand einem Ausflug dorthin nichts mehr im Wege. Die Webcam zeigte ziemlich sch\u00f6nes Wetter und Winterwandern war auch m\u00f6glich. Wir entschlossen uns die Wanderung zur Alp \u201eVordere H\u00f6hi\u201c zu machen. Diese Wanderung dauert ca. 1 Stunde ab dem [&hellip;]<\/p>\n","protected":false},"author":4,"featured_media":0,"comment_status":"open","ping_status":"open","sticky":false,"template":"","format":"standard","meta":{"ngg_post_thumbnail":0,"footnotes":""},"categories":[5],"tags":[],"class_list":["post-147","post","type-post","status-publish","format-standard","hentry","category-wandern"],"_links":{"self":[{"href":"https:\/\/www.marcelloswelt.ch\/index.php?rest_route=\/wp\/v2\/posts\/147","targetHints":{"allow":["GET"]}}],"collection":[{"href":"https:\/\/www.marcelloswelt.ch\/index.php?rest_route=\/wp\/v2\/posts"}],"about":[{"href":"https:\/\/www.marcelloswelt.ch\/index.php?rest_route=\/wp\/v2\/types\/post"}],"author":[{"embeddable":true,"href":"https:\/\/www.marcelloswelt.ch\/index.php?rest_route=\/wp\/v2\/users\/4"}],"replies":[{"embeddable":true,"href":"https:\/\/www.marcelloswelt.ch\/index.php?rest_route=%2Fwp%2Fv2%2Fcomments&post=147"}],"version-history":[{"count":8,"href":"https:\/\/www.marcelloswelt.ch\/index.php?rest_route=\/wp\/v2\/posts\/147\/revisions"}],"predecessor-version":[{"id":158,"href":"https:\/\/www.marcelloswelt.ch\/index.php?rest_route=\/wp\/v2\/posts\/147\/revisions\/158"}],"wp:attachment":[{"href":"https:\/\/www.marcelloswelt.ch\/index.php?rest_route=%2Fwp%2Fv2%2Fmedia&parent=147"}],"wp:term":[{"taxonomy":"category","embeddable":true,"href":"https:\/\/www.marcelloswelt.ch\/index.php?rest_route=%2Fwp%2Fv2%2Fcategories&post=147"},{"taxonomy":"post_tag","embeddable":true,"href":"https:\/\/www.marcelloswelt.ch\/index.php?rest_route=%2Fwp%2Fv2%2Ftags&post=147"}],"curies":[{"name":"wp","href":"https:\/\/api.w.org\/{rel}","templated":true}]}}