{"id":1266,"date":"2016-05-21T23:22:27","date_gmt":"2016-05-21T22:22:27","guid":{"rendered":"https:\/\/www.marcelloswelt.ch\/?p=1266"},"modified":"2016-05-26T22:59:08","modified_gmt":"2016-05-26T21:59:08","slug":"wanderung-zum-paxmal-route-des-staunens","status":"publish","type":"post","link":"https:\/\/www.marcelloswelt.ch\/?p=1266","title":{"rendered":"Wanderung zum Paxmal &#8211; Route des Staunens"},"content":{"rendered":"<p>Bei sch\u00f6nsten Wetter wanderten wir auf der Route des Staunens, ab Walenstadtberg. Nat\u00fcrlich nahmen wir nicht wie vorgeschlagen den Bus bis Walenstadtberg, sondern wanderten vom Bahnhof Walenstadt aus.<a href=\"https:\/\/www.marcelloswelt.ch\/wp-content\/uploads\/2016\/05\/Unbenannt1-e1463869688683.jpg\"><img loading=\"lazy\" decoding=\"async\" class=\"alignleft size-full wp-image-1268\" src=\"https:\/\/www.marcelloswelt.ch\/wp-content\/uploads\/2016\/05\/Unbenannt1-e1463869688683.jpg\" alt=\"Unbenannt\" width=\"800\" height=\"480\" \/><\/a><\/p>\n<p>Die Aussicht auf die Linthebene war heute fantastisch. Blauer Himmel und eine gute Fernsicht.<a href=\"https:\/\/www.marcelloswelt.ch\/wp-content\/uploads\/2016\/05\/IMG_20160521_113304-e1463869554803.jpg\"><img loading=\"lazy\" decoding=\"async\" class=\"alignleft size-full wp-image-1258\" src=\"https:\/\/www.marcelloswelt.ch\/wp-content\/uploads\/2016\/05\/IMG_20160521_113304-e1463869554803.jpg\" alt=\"IMG_20160521_113304\" width=\"800\" height=\"600\" \/><\/a><\/p>\n<p><em>Zu den Orten des Staunens z\u00e4hlen \u00fcber 50 spezielle Pl\u00e4tze in der Tourismusregion Heidiland, die von der Forschungsstelle Kraftorte Schweiz auf ihren energetischen Gehalt und ihren mythologischen Hintergrund hin untersucht und dokumentiert worden sind. Mit dem Paxmal, dem Friedensmal, dessen Grundgedanke der Frieden f\u00fcr alle ist, schafft Karl Bickel einen Ort der inneren Einkehr, der Meditation \u00fcber den Menschen und seine Ziele, seine Lebens- und seine Gesellschaftsformen.*Quelle: http:\/\/www.flumserberg.ch\/<\/em><\/p>\n<p><a href=\"https:\/\/www.marcelloswelt.ch\/wp-content\/uploads\/2016\/05\/IMG_20160521_131757-e1463869544982.jpg\"><img loading=\"lazy\" decoding=\"async\" class=\"alignleft  wp-image-1259\" src=\"https:\/\/www.marcelloswelt.ch\/wp-content\/uploads\/2016\/05\/IMG_20160521_131757-e1463869544982.jpg\" alt=\"IMG_20160521_131757\" width=\"600\" height=\"450\" \/><\/a><\/p>\n<p><a href=\"https:\/\/www.marcelloswelt.ch\/wp-content\/uploads\/2016\/05\/IMG_20160521_132311-e1463869509836.jpg\"><img loading=\"lazy\" decoding=\"async\" class=\"alignleft size-full wp-image-1262\" src=\"https:\/\/www.marcelloswelt.ch\/wp-content\/uploads\/2016\/05\/IMG_20160521_132311-e1463869509836.jpg\" alt=\"IMG_20160521_132311\" width=\"800\" height=\"600\" \/><\/a><\/p>\n<p>Ich Pers\u00f6nlich fand das Denkmal selber nicht so speziell, irgendwie etwas kitschig. Aber \u00fcber Kunst kann man sich bekanntlich streiten. Karl Bickel hat sich allerdings schon einige Gedanken dazu gemacht. Wenn es jemanden Interessiert kann man diese nachlesen unter<br \/>\n<a href=\"http:\/\/www.flumserberg.ch\/Resources\/Dokumente\/Flyer_ods_walenstadtberg.pdf\" target=\"_blank\">Flyer_ods_walenstadtberg.pdf<\/a><\/p>\n<p>Die Aussicht von dort oben war allerdings sehr sch\u00f6n, viele Gleitschirm Flieger segelten vor unseren Augen \u00fcber das Denkmal. Der Startplatz befand sich unmittelbar oberhalb.<\/p>\n<p><a href=\"https:\/\/www.marcelloswelt.ch\/wp-content\/uploads\/2016\/05\/IMG_20160521_131811-e1463869532517.jpg\"><img loading=\"lazy\" decoding=\"async\" class=\"alignleft size-full wp-image-1260\" src=\"https:\/\/www.marcelloswelt.ch\/wp-content\/uploads\/2016\/05\/IMG_20160521_131811-e1463869532517.jpg\" alt=\"IMG_20160521_131811\" width=\"800\" height=\"600\" \/><\/a><\/p>\n<p><a href=\"https:\/\/www.marcelloswelt.ch\/wp-content\/uploads\/2016\/05\/IMG_20160521_152328-e1463869499564.jpg\"><img loading=\"lazy\" decoding=\"async\" class=\"alignleft size-full wp-image-1263\" src=\"https:\/\/www.marcelloswelt.ch\/wp-content\/uploads\/2016\/05\/IMG_20160521_152328-e1463869499564.jpg\" alt=\"IMG_20160521_152328\" width=\"800\" height=\"600\" \/><\/a><\/p>\n<p>War ein sch\u00f6ner Tag heute.<\/p>\n<p><a href=\"https:\/\/www.marcelloswelt.ch\/wp-content\/uploads\/2016\/05\/IMG-20160521-WA0002-e1463870518697.jpg\"><img loading=\"lazy\" decoding=\"async\" class=\"alignleft size-full wp-image-1265\" src=\"https:\/\/www.marcelloswelt.ch\/wp-content\/uploads\/2016\/05\/IMG-20160521-WA0002-e1463870518697.jpg\" alt=\"IMG-20160521-WA0002\" width=\"800\" height=\"564\" srcset=\"https:\/\/www.marcelloswelt.ch\/wp-content\/uploads\/2016\/05\/IMG-20160521-WA0002-e1463870518697.jpg 800w, https:\/\/www.marcelloswelt.ch\/wp-content\/uploads\/2016\/05\/IMG-20160521-WA0002-e1463870518697-300x212.jpg 300w, https:\/\/www.marcelloswelt.ch\/wp-content\/uploads\/2016\/05\/IMG-20160521-WA0002-e1463870518697-567x400.jpg 567w, https:\/\/www.marcelloswelt.ch\/wp-content\/uploads\/2016\/05\/IMG-20160521-WA0002-e1463870518697-624x440.jpg 624w\" sizes=\"auto, (max-width: 800px) 100vw, 800px\" \/><\/a><\/p>\n","protected":false},"excerpt":{"rendered":"<p>Bei sch\u00f6nsten Wetter wanderten wir auf der Route des Staunens, ab Walenstadtberg. Nat\u00fcrlich nahmen wir nicht wie vorgeschlagen den Bus bis Walenstadtberg, sondern wanderten vom Bahnhof Walenstadt aus. Die Aussicht auf die Linthebene war heute fantastisch. Blauer Himmel und eine gute Fernsicht. Zu den Orten des Staunens z\u00e4hlen \u00fcber 50 spezielle Pl\u00e4tze in der Tourismusregion [&hellip;]<\/p>\n","protected":false},"author":4,"featured_media":0,"comment_status":"open","ping_status":"open","sticky":false,"template":"","format":"standard","meta":{"ngg_post_thumbnail":0,"footnotes":""},"categories":[5],"tags":[],"class_list":["post-1266","post","type-post","status-publish","format-standard","hentry","category-wandern"],"_links":{"self":[{"href":"https:\/\/www.marcelloswelt.ch\/index.php?rest_route=\/wp\/v2\/posts\/1266","targetHints":{"allow":["GET"]}}],"collection":[{"href":"https:\/\/www.marcelloswelt.ch\/index.php?rest_route=\/wp\/v2\/posts"}],"about":[{"href":"https:\/\/www.marcelloswelt.ch\/index.php?rest_route=\/wp\/v2\/types\/post"}],"author":[{"embeddable":true,"href":"https:\/\/www.marcelloswelt.ch\/index.php?rest_route=\/wp\/v2\/users\/4"}],"replies":[{"embeddable":true,"href":"https:\/\/www.marcelloswelt.ch\/index.php?rest_route=%2Fwp%2Fv2%2Fcomments&post=1266"}],"version-history":[{"count":7,"href":"https:\/\/www.marcelloswelt.ch\/index.php?rest_route=\/wp\/v2\/posts\/1266\/revisions"}],"predecessor-version":[{"id":1279,"href":"https:\/\/www.marcelloswelt.ch\/index.php?rest_route=\/wp\/v2\/posts\/1266\/revisions\/1279"}],"wp:attachment":[{"href":"https:\/\/www.marcelloswelt.ch\/index.php?rest_route=%2Fwp%2Fv2%2Fmedia&parent=1266"}],"wp:term":[{"taxonomy":"category","embeddable":true,"href":"https:\/\/www.marcelloswelt.ch\/index.php?rest_route=%2Fwp%2Fv2%2Fcategories&post=1266"},{"taxonomy":"post_tag","embeddable":true,"href":"https:\/\/www.marcelloswelt.ch\/index.php?rest_route=%2Fwp%2Fv2%2Ftags&post=1266"}],"curies":[{"name":"wp","href":"https:\/\/api.w.org\/{rel}","templated":true}]}}