{"id":1247,"date":"2016-05-16T23:58:01","date_gmt":"2016-05-16T22:58:01","guid":{"rendered":"https:\/\/www.marcelloswelt.ch\/?p=1247"},"modified":"2016-05-17T07:28:22","modified_gmt":"2016-05-17T06:28:22","slug":"swiss-press-photo-16","status":"publish","type":"post","link":"https:\/\/www.marcelloswelt.ch\/?p=1247","title":{"rendered":"SWISS PRESS PHOTO 16"},"content":{"rendered":"<p>Heute war ich die Ausstellung Swiss Press Photo 16 besuchen. Diese\u00a0versammelt die besten Schweizer Pressebilder des Jahres 2015 im Landesmuseum Z\u00fcrich.<a href=\"https:\/\/www.marcelloswelt.ch\/wp-content\/uploads\/2016\/05\/Capture-e1463464793259.jpg\"><img loading=\"lazy\" decoding=\"async\" class=\"alignleft wp-image-1240 size-full\" src=\"https:\/\/www.marcelloswelt.ch\/wp-content\/uploads\/2016\/05\/Capture-e1463464793259.jpg\" alt=\"Capture\" width=\"800\" height=\"189\" \/><\/a><\/p>\n<p>Die Ausstellung rekapituliert bildhaft pr\u00e4gende Ereignisse des vergangenen Jahres und erlaubt einen individuellen Blick aufs Geschehene. Da die Exponate in einem dunklen Raum stehen und von hinten angeleuchtet werden, wirken diese noch intensiver. Man meint fast man steht mitten im Geschehen. Hier einige Muster davon, aufgenommen mit meiner Handy Kamera.<a href=\"https:\/\/www.marcelloswelt.ch\/wp-content\/uploads\/2016\/05\/IMG_20160516_152809-e1463465302350.jpg\"><img loading=\"lazy\" decoding=\"async\" class=\"alignleft size-full wp-image-1241\" src=\"https:\/\/www.marcelloswelt.ch\/wp-content\/uploads\/2016\/05\/IMG_20160516_152809-e1463465302350.jpg\" alt=\"IMG_20160516_152809\" width=\"800\" height=\"568\" srcset=\"https:\/\/www.marcelloswelt.ch\/wp-content\/uploads\/2016\/05\/IMG_20160516_152809-e1463465302350.jpg 800w, https:\/\/www.marcelloswelt.ch\/wp-content\/uploads\/2016\/05\/IMG_20160516_152809-e1463465302350-300x213.jpg 300w, https:\/\/www.marcelloswelt.ch\/wp-content\/uploads\/2016\/05\/IMG_20160516_152809-e1463465302350-563x400.jpg 563w, https:\/\/www.marcelloswelt.ch\/wp-content\/uploads\/2016\/05\/IMG_20160516_152809-e1463465302350-624x443.jpg 624w\" sizes=\"auto, (max-width: 800px) 100vw, 800px\" \/><\/a><\/p>\n<p>Dieses erste Bild scheint etwas unspektakul\u00e4r zu sein. Es Zeigt eine reformierte Kirche die auch als Multireligi\u00f6ser Treffpunkt genutzt wird. Das Bild hat f\u00fcr mich eine besondere Bedeutung, da die Kirche in meinem Heimatort steht. Darum ist es mir sofort aufgefallen.<a href=\"https:\/\/www.marcelloswelt.ch\/wp-content\/uploads\/2016\/05\/IMG_20160516_153705-e1463464723846.jpg\"><img loading=\"lazy\" decoding=\"async\" class=\"alignleft size-full wp-image-1243\" src=\"https:\/\/www.marcelloswelt.ch\/wp-content\/uploads\/2016\/05\/IMG_20160516_153705-e1463464723846.jpg\" alt=\"IMG_20160516_153705\" width=\"800\" height=\"600\" \/><\/a><br \/>\nSelbst gemaltes Bild eines Fl\u00fcchtlingskindes<\/p>\n<p><a href=\"https:\/\/www.marcelloswelt.ch\/wp-content\/uploads\/2016\/05\/IMG_20160516_153056.jpg\"><img loading=\"lazy\" decoding=\"async\" class=\"alignleft wp-image-1242 size-full\" src=\"https:\/\/www.marcelloswelt.ch\/wp-content\/uploads\/2016\/05\/IMG_20160516_153056-e1463466424694.jpg\" alt=\"IMG_20160516_153056\" width=\"800\" height=\"600\" \/><\/a><\/p>\n<p><a href=\"https:\/\/www.marcelloswelt.ch\/wp-content\/uploads\/2016\/05\/IMG_20160516_154723-e1463464578286.jpg\"><img loading=\"lazy\" decoding=\"async\" class=\"alignleft size-full wp-image-1246\" src=\"https:\/\/www.marcelloswelt.ch\/wp-content\/uploads\/2016\/05\/IMG_20160516_154723-e1463464578286.jpg\" alt=\"IMG_20160516_154723\" width=\"800\" height=\"600\" \/><\/a><\/p>\n<p><a href=\"https:\/\/www.marcelloswelt.ch\/wp-content\/uploads\/2016\/05\/IMG_20160516_154017-e1463464705109.jpg\"><img loading=\"lazy\" decoding=\"async\" class=\"alignleft size-full wp-image-1244\" src=\"https:\/\/www.marcelloswelt.ch\/wp-content\/uploads\/2016\/05\/IMG_20160516_154017-e1463464705109.jpg\" alt=\"IMG_20160516_154017\" width=\"800\" height=\"528\" \/><\/a><\/p>\n<p><a href=\"https:\/\/www.marcelloswelt.ch\/wp-content\/uploads\/2016\/05\/IMG_20160516_154425-e1463464627432.jpg\"><img loading=\"lazy\" decoding=\"async\" class=\"alignleft size-full wp-image-1245\" src=\"https:\/\/www.marcelloswelt.ch\/wp-content\/uploads\/2016\/05\/IMG_20160516_154425-e1463464627432.jpg\" alt=\"IMG_20160516_154425\" width=\"800\" height=\"600\" \/><\/a><\/p>\n<p>Wie jedes Jahr, sehr sch\u00f6ne Bilder mit starker Ausdruckskraft. Empfehlenswert!<\/p>\n","protected":false},"excerpt":{"rendered":"<p>Heute war ich die Ausstellung Swiss Press Photo 16 besuchen. Diese\u00a0versammelt die besten Schweizer Pressebilder des Jahres 2015 im Landesmuseum Z\u00fcrich. Die Ausstellung rekapituliert bildhaft pr\u00e4gende Ereignisse des vergangenen Jahres und erlaubt einen individuellen Blick aufs Geschehene. Da die Exponate in einem dunklen Raum stehen und von hinten angeleuchtet werden, wirken diese noch intensiver. Man [&hellip;]<\/p>\n","protected":false},"author":4,"featured_media":0,"comment_status":"open","ping_status":"open","sticky":false,"template":"","format":"standard","meta":{"ngg_post_thumbnail":0,"footnotes":""},"categories":[2],"tags":[],"class_list":["post-1247","post","type-post","status-publish","format-standard","hentry","category-allgemein"],"_links":{"self":[{"href":"https:\/\/www.marcelloswelt.ch\/index.php?rest_route=\/wp\/v2\/posts\/1247","targetHints":{"allow":["GET"]}}],"collection":[{"href":"https:\/\/www.marcelloswelt.ch\/index.php?rest_route=\/wp\/v2\/posts"}],"about":[{"href":"https:\/\/www.marcelloswelt.ch\/index.php?rest_route=\/wp\/v2\/types\/post"}],"author":[{"embeddable":true,"href":"https:\/\/www.marcelloswelt.ch\/index.php?rest_route=\/wp\/v2\/users\/4"}],"replies":[{"embeddable":true,"href":"https:\/\/www.marcelloswelt.ch\/index.php?rest_route=%2Fwp%2Fv2%2Fcomments&post=1247"}],"version-history":[{"count":7,"href":"https:\/\/www.marcelloswelt.ch\/index.php?rest_route=\/wp\/v2\/posts\/1247\/revisions"}],"predecessor-version":[{"id":1255,"href":"https:\/\/www.marcelloswelt.ch\/index.php?rest_route=\/wp\/v2\/posts\/1247\/revisions\/1255"}],"wp:attachment":[{"href":"https:\/\/www.marcelloswelt.ch\/index.php?rest_route=%2Fwp%2Fv2%2Fmedia&parent=1247"}],"wp:term":[{"taxonomy":"category","embeddable":true,"href":"https:\/\/www.marcelloswelt.ch\/index.php?rest_route=%2Fwp%2Fv2%2Fcategories&post=1247"},{"taxonomy":"post_tag","embeddable":true,"href":"https:\/\/www.marcelloswelt.ch\/index.php?rest_route=%2Fwp%2Fv2%2Ftags&post=1247"}],"curies":[{"name":"wp","href":"https:\/\/api.w.org\/{rel}","templated":true}]}}