{"id":1203,"date":"2016-05-05T22:08:35","date_gmt":"2016-05-05T21:08:35","guid":{"rendered":"https:\/\/www.marcelloswelt.ch\/?p=1203"},"modified":"2016-05-06T22:10:51","modified_gmt":"2016-05-06T21:10:51","slug":"rund-um-den-sempachersee","status":"publish","type":"post","link":"https:\/\/www.marcelloswelt.ch\/?p=1203","title":{"rendered":"Rund um den Sempachersee"},"content":{"rendered":"<p>Das Wetter \u00fcber Auffahrt war ja perfekt, darum machte ich mich mit meiner Wandergruppe auf den Sempachersee zu umrunden. <a href=\"https:\/\/www.marcelloswelt.ch\/wp-content\/uploads\/2016\/05\/Unbenannt-e1462565886740.jpg\"><img loading=\"lazy\" decoding=\"async\" class=\"alignleft size-full wp-image-1207\" src=\"https:\/\/www.marcelloswelt.ch\/wp-content\/uploads\/2016\/05\/Unbenannt-e1462565886740.jpg\" alt=\"Unbenannt\" width=\"800\" height=\"494\" \/><\/a><\/p>\n<p>Es war wirklich ein sehr sch\u00f6ner Tag mit einer Ausgezeichneten Fernsicht. Gestartet sind wir in Sursee. Ein sch\u00f6nes St\u00e4dtchen, dass ich noch nicht kannte.<\/p>\n<p><a href=\"https:\/\/www.marcelloswelt.ch\/wp-content\/uploads\/2016\/05\/SetWidth1000-sursee-7-e1462565743268.jpg\"><img loading=\"lazy\" decoding=\"async\" class=\"alignleft size-full wp-image-1205\" src=\"https:\/\/www.marcelloswelt.ch\/wp-content\/uploads\/2016\/05\/SetWidth1000-sursee-7-e1462565743268.jpg\" alt=\"SetWidth1000-sursee-7\" width=\"800\" height=\"534\" \/><\/a><\/p>\n<p><a href=\"https:\/\/www.marcelloswelt.ch\/wp-content\/uploads\/2016\/05\/IMG_20160505_110816-e1462566019524.jpg\"><img loading=\"lazy\" decoding=\"async\" class=\"alignleft size-full wp-image-1209\" src=\"https:\/\/www.marcelloswelt.ch\/wp-content\/uploads\/2016\/05\/IMG_20160505_110816-e1462566019524.jpg\" alt=\"IMG_20160505_110816\" width=\"800\" height=\"600\" \/><\/a><\/p>\n<p>Die Wanderung war am Anfang ziemlich Flach. In der H\u00e4lfte machten wir einen Picknickhalt auf einer sch\u00f6nen Wiese am Seeufer. Das Bauernhof Glace, dass wir dort geniessen konnten schmeckte vorz\u00fcglich<\/p>\n<p><a href=\"https:\/\/www.marcelloswelt.ch\/wp-content\/uploads\/2016\/05\/IMG_0772-e1462566386229.jpg\"><img loading=\"lazy\" decoding=\"async\" class=\"alignleft size-full wp-image-1210\" src=\"https:\/\/www.marcelloswelt.ch\/wp-content\/uploads\/2016\/05\/IMG_0772-e1462566386229.jpg\" alt=\"IMG_0772\" width=\"800\" height=\"600\" \/><\/a><\/p>\n<p><a href=\"https:\/\/www.marcelloswelt.ch\/wp-content\/uploads\/2016\/05\/IMG_20160505_141503-e1462566491435.jpg\"><img loading=\"lazy\" decoding=\"async\" class=\"alignleft size-full wp-image-1211\" src=\"https:\/\/www.marcelloswelt.ch\/wp-content\/uploads\/2016\/05\/IMG_20160505_141503-e1462566491435.jpg\" alt=\"IMG_20160505_141503\" width=\"800\" height=\"600\" \/><\/a><\/p>\n<p>Der Halt war in der N\u00e4he des St\u00e4dtchen Sempach, dass wir danach besuchen gingen. Dort war gerade eine Auffahrtsprozession im Gange welche f\u00fcr mich auf den ersten Blick nicht so klar zu erkennen war. Anhand der Soldaten auf den Pferden dachte ich eher an die Schlacht von Sempach. Aber in Namen Gottes wurden ja schon viele Schlachten gef\u00fchrt, wird schon seine Richtigkeit haben \ud83d\ude09<\/p>\n<p><a href=\"https:\/\/www.marcelloswelt.ch\/wp-content\/uploads\/2016\/05\/IMG_20160505_142002-e1462567350959.jpg\"><img loading=\"lazy\" decoding=\"async\" class=\"alignleft size-full wp-image-1213\" src=\"https:\/\/www.marcelloswelt.ch\/wp-content\/uploads\/2016\/05\/IMG_20160505_142002-e1462567350959.jpg\" alt=\"IMG_20160505_142002\" width=\"800\" height=\"600\" \/><\/a><\/p>\n<p><a href=\"https:\/\/www.marcelloswelt.ch\/wp-content\/uploads\/2016\/05\/IMG_20160505_142031-e1462567361939.jpg\"><img loading=\"lazy\" decoding=\"async\" class=\"alignleft size-full wp-image-1214\" src=\"https:\/\/www.marcelloswelt.ch\/wp-content\/uploads\/2016\/05\/IMG_20160505_142031-e1462567361939.jpg\" alt=\"IMG_20160505_142031\" width=\"800\" height=\"600\" \/><\/a><\/p>\n<p><a href=\"https:\/\/www.marcelloswelt.ch\/wp-content\/uploads\/2016\/05\/IMG_20160505_142610-e1462567737666.jpg\"><img loading=\"lazy\" decoding=\"async\" class=\"alignleft size-full wp-image-1215\" src=\"https:\/\/www.marcelloswelt.ch\/wp-content\/uploads\/2016\/05\/IMG_20160505_142610-e1462567737666.jpg\" alt=\"IMG_20160505_142610\" width=\"800\" height=\"600\" \/><\/a><\/p>\n<p>Ab Sempach haben wir ein wenig an H\u00f6he gewonnen was uns eine sch\u00f6ne Aussicht \u00fcber den See bescherte. Eine wirklich sehr malerische Landschaft. Die Alpen im Hintergrund einfach nur wundersch\u00f6n.<\/p>\n<p><a href=\"https:\/\/www.marcelloswelt.ch\/wp-content\/uploads\/2016\/05\/IMG_20160505_144920-e1462568101306.jpg\"><img loading=\"lazy\" decoding=\"async\" class=\"alignleft size-full wp-image-1217\" src=\"https:\/\/www.marcelloswelt.ch\/wp-content\/uploads\/2016\/05\/IMG_20160505_144920-e1462568101306.jpg\" alt=\"IMG_20160505_144920\" width=\"800\" height=\"600\" \/><\/a><\/p>\n<p><a href=\"https:\/\/www.marcelloswelt.ch\/wp-content\/uploads\/2016\/05\/IMG_20160505_153355-e1462568225829.jpg\"><img loading=\"lazy\" decoding=\"async\" class=\"alignleft size-full wp-image-1218\" src=\"https:\/\/www.marcelloswelt.ch\/wp-content\/uploads\/2016\/05\/IMG_20160505_153355-e1462568225829.jpg\" alt=\"IMG_20160505_153355\" width=\"800\" height=\"600\" \/><\/a><\/p>\n<p><a href=\"https:\/\/www.marcelloswelt.ch\/wp-content\/uploads\/2016\/05\/IMG_0832-e1462568279518.jpg\"><img loading=\"lazy\" decoding=\"async\" class=\"alignleft size-full wp-image-1219\" src=\"https:\/\/www.marcelloswelt.ch\/wp-content\/uploads\/2016\/05\/IMG_0832-e1462568279518.jpg\" alt=\"IMG_0832\" width=\"800\" height=\"600\" \/><\/a><\/p>\n<p>Die Natur kommt wieder richtig in Schwung, man kann fast zuschauen beim wachsen. Fr\u00fchling und Sommer sind schon was Tolles, ich kann mich fast nicht satt sehen daran.<\/p>\n<p><a href=\"https:\/\/www.marcelloswelt.ch\/wp-content\/uploads\/2016\/05\/IMG_0841-e1462568489512.jpg\"><img loading=\"lazy\" decoding=\"async\" class=\"alignleft size-full wp-image-1221\" src=\"https:\/\/www.marcelloswelt.ch\/wp-content\/uploads\/2016\/05\/IMG_0841-e1462568489512.jpg\" alt=\"IMG_0841\" width=\"800\" height=\"522\" \/><\/a><\/p>\n<p>Wirklich ein gelungener Tag. Perfektes Wetter unter gute Leuten, was will man mehr!<\/p>\n","protected":false},"excerpt":{"rendered":"<p>Das Wetter \u00fcber Auffahrt war ja perfekt, darum machte ich mich mit meiner Wandergruppe auf den Sempachersee zu umrunden. Es war wirklich ein sehr sch\u00f6ner Tag mit einer Ausgezeichneten Fernsicht. Gestartet sind wir in Sursee. Ein sch\u00f6nes St\u00e4dtchen, dass ich noch nicht kannte. Die Wanderung war am Anfang ziemlich Flach. In der H\u00e4lfte machten wir [&hellip;]<\/p>\n","protected":false},"author":4,"featured_media":0,"comment_status":"open","ping_status":"open","sticky":false,"template":"","format":"standard","meta":{"ngg_post_thumbnail":0,"footnotes":""},"categories":[5],"tags":[],"class_list":["post-1203","post","type-post","status-publish","format-standard","hentry","category-wandern"],"_links":{"self":[{"href":"https:\/\/www.marcelloswelt.ch\/index.php?rest_route=\/wp\/v2\/posts\/1203","targetHints":{"allow":["GET"]}}],"collection":[{"href":"https:\/\/www.marcelloswelt.ch\/index.php?rest_route=\/wp\/v2\/posts"}],"about":[{"href":"https:\/\/www.marcelloswelt.ch\/index.php?rest_route=\/wp\/v2\/types\/post"}],"author":[{"embeddable":true,"href":"https:\/\/www.marcelloswelt.ch\/index.php?rest_route=\/wp\/v2\/users\/4"}],"replies":[{"embeddable":true,"href":"https:\/\/www.marcelloswelt.ch\/index.php?rest_route=%2Fwp%2Fv2%2Fcomments&post=1203"}],"version-history":[{"count":10,"href":"https:\/\/www.marcelloswelt.ch\/index.php?rest_route=\/wp\/v2\/posts\/1203\/revisions"}],"predecessor-version":[{"id":1225,"href":"https:\/\/www.marcelloswelt.ch\/index.php?rest_route=\/wp\/v2\/posts\/1203\/revisions\/1225"}],"wp:attachment":[{"href":"https:\/\/www.marcelloswelt.ch\/index.php?rest_route=%2Fwp%2Fv2%2Fmedia&parent=1203"}],"wp:term":[{"taxonomy":"category","embeddable":true,"href":"https:\/\/www.marcelloswelt.ch\/index.php?rest_route=%2Fwp%2Fv2%2Fcategories&post=1203"},{"taxonomy":"post_tag","embeddable":true,"href":"https:\/\/www.marcelloswelt.ch\/index.php?rest_route=%2Fwp%2Fv2%2Ftags&post=1203"}],"curies":[{"name":"wp","href":"https:\/\/api.w.org\/{rel}","templated":true}]}}